{"id":215713,"date":"2026-04-28T08:05:31","date_gmt":"2026-04-28T14:05:31","guid":{"rendered":"https:\/\/nvnoticias.mx\/?p=215713"},"modified":"2026-04-28T08:05:41","modified_gmt":"2026-04-28T14:05:41","slug":"industriales-en-veracruz-al-grito-de-guerra","status":"publish","type":"post","link":"https:\/\/nvnoticias.mx\/index.php\/2026\/04\/28\/industriales-en-veracruz-al-grito-de-guerra\/","title":{"rendered":"Industriales en Veracruz al &#8220;grito de guerra&#8221;"},"content":{"rendered":"\n<p><\/p>\n\n\n\n<p><strong>Ricardo Chua<\/strong><\/p>\n\n\n\n<p>Desde hace meses, a mediados del 2025, empresarios cuyas compa\u00f1\u00edas se encuentran ubicadas en la Ciudad Industrial &#8220;Bruno Pagliai&#8221;, en el puerto de Veracruz, considerada las m\u00e1s grande en latinoam\u00e9rica.. Con m\u00e1s de 350 empresas asentadas y que es la m\u00e1s importante en la regi\u00f3n sureste del pa\u00eds.. Sostienen un enfrentamiento medi\u00e1tico y pol\u00edtico con el fideicomiso &#8220;Fondo del Futuro&#8221;, que administra sus instalaciones, por la falta de obras de mantenimiento en este lugar, en un atraso terrible que no les permit\u00eda realizar sus labores para sus operaciones comerciales y negocios.. Y por eso, est\u00e1n en la incertidumbre..<\/p>\n\n\n\n<p>Por eso, es que la Asociaci\u00f3n de Industriales &#8220;Bruno Pagliai&#8221; est\u00e1 levantando la voz para tanto el gobierno estatal de Roc\u00edo Nahle.. Defina legalmente de vez por todas, si este sitio ser\u00e1 entregado al municipio de Veracruz puerto.. Para que ellos, se encarguen de la administraci\u00f3n y el mantenimiento adecuado en este lugar, que le da trabajo a m\u00e1s de 12 mil personas de manera directa en sus empresas y otras 5 mil m\u00e1s de manera indirecta.. Y que de una vez por todas, esa municipalizaci\u00f3n sea anunciada de manera oficial y ellos puedan empezar a trabajar directamente con la alcaldesa Rosa Mar\u00eda Hern\u00e1ndez Espejo..<\/p>\n\n\n\n<p>Ya que por las diferencias sostenidas con el &#8220;Fondo del Futuro&#8221;, organismo descentralizado y perteneciente a la Secretar\u00eda de Desarrollo Econ\u00f3mico (SEDECOP).. Ellos mismos como empresarios han tenido que realizar obras p\u00fablicas como pavimentaci\u00f3n con concreto hidr\u00e1ulico en las principales avenidas de la Ciudad Industrial.. Ya que este parque se estaba &#8220;cayendo a pedazos&#8221;.. Y ellos como industriales han invertido su dinero cuando esto lo ten\u00eda que haber hecho el fideicomiso, que mes con mes, de cuotas de los empresarios, obten\u00edan ingresos de alrededor de 5 millones de pesos.. \u00bfD\u00f3nde qued\u00f3 todo ese dinero?..<\/p>\n\n\n\n<p>Por ello, el reclamo de personajes como el vicepresidente de la Asociaci\u00f3n de Industriales &#8220;Bruno Pagliai&#8221;, Jos\u00e9 Antonio S\u00e1enz Tr\u00e1paga, de que c\u00f3mo era posible que alrededor de 140 industriales de los casi 300 que est\u00e1n instalados ah\u00ed.. Han tenido que ponerse de acuerdo para llevar a cabo estas obras de pavimentaci\u00f3n, cuando se supone que hab\u00eda recursos del fideicomiso para eso.. Pero las afectaciones estaban siendo muy catastr\u00f3ficas en las vialidades y avenidas que ya ni los veh\u00edculos de carga pesada quer\u00edan entrar al lugar.. Y eso es lo que no se vale..<\/p>\n\n\n\n<p>Motivo por el cual, ellos como industriales han fijado su posicionamiento ante el proceso de municipalizaci\u00f3n de la Ciudad Industrial.. Para que el manejo de la misma pase al ayuntamiento de Veracruz.. Dado que no pueden seguir operando de esa manera, con un fideicomiso que no le funciona a ellos como industriales porque se supone que esa figura era para facilitarles la inversi\u00f3n en este lugar.. No para que fuera a\u00fan m\u00e1s complicado invertir.. Y que ante ello cualquier otra opci\u00f3n era mucho mejor, que la que tienen ahora en este momento..<\/p>\n\n\n\n<p>Por esa raz\u00f3n, estos personajes dieron a conocer su posicionamiento respecto a los resultados positivos de una reuni\u00f3n de trabajo entre el gobierno municipal de Veracruz con el gobierno estatal, directamente con el titular de SEFIPLAN, Miguel Reyes, que estaban relacionada con el proceso de municipalizaci\u00f3n de este importante parque industrial\u2026 Y por ello, es que hasta celebraron la disposici\u00f3n mostrada por la gobernadora Roc\u00edo Nahle Garc\u00eda, as\u00ed como por la alcaldesa Rosa Mar\u00eda Hern\u00e1ndez Espejo, para atender la situaci\u00f3n que enfrenta la Ciudad Industrial..<\/p>\n\n\n\n<p>La postura de los industriales era saber y destacar que este acercamiento, a ellos s\u00ed les genera certidumbre y confianza sobre el futuro inmediato del parque industrial.. Ya que los empresarios manifestaron su expectativa de un cambio significativo en la relaci\u00f3n con el Ayuntamiento de Veracruz, dejando atr\u00e1s pr\u00e1cticas del pasado que han implicado costos econ\u00f3micos, sociales y pol\u00edticos para ellos como industriales.. Y que en esta nueva etapa, la coordinaci\u00f3n y el di\u00e1logo entre el Ayuntamiento y los cond\u00f3minos ser\u00e1n fundamentales para garantizar resultados efectivos..<\/p>\n\n\n\n<p>Pero ahora vendr\u00eda la etapa de que ambos sectores (industriales y autoridades) se dediquen a revisar y replantear los esquemas de administraci\u00f3n anteriores, particularmente aquellos vinculados al &#8220;Fondo del Futuro&#8221;, con el objetivo de asegurar la participaci\u00f3n activa de los empresarios en la toma de decisiones.. Ya que ellos son los principales afectados o beneficiados de lo que decidan para el futuro del parque industrial.. Y que ahora los retos en materia de infraestructura y servicios p\u00fablicos son significativos..<\/p>\n\n\n\n<p>Ya que anteriormente ante la falta de comunicaci\u00f3n previa con los funcionarios del Fondo del Futuro.. Los empresarios exploraron alternativas financieras, incluyendo esquemas de financiamiento bancario y que como parte de sus acciones, decidieron realizar aportaciones directas para la repavimentaci\u00f3n de vialidades clave para la operaci\u00f3n log\u00edstica de sus empresas, obteniendo resultados positivos. Estas acciones evidencian que la colaboraci\u00f3n basada en confianza y entendimiento es esencial para avanzar.. Si no el parque industrial se les ca\u00eda por completo..<\/p>\n\n\n\n<p>REFLEXI\u00d3N.. Se sabe que para los industriales a\u00fan permanece pendiente la rendici\u00f3n de cuentas por parte de los funcionarios del &#8220;Fondo del Futuro&#8221;.. Particularmente en lo referente al destino de las cuotas de mantenimiento aportadas por los empresarios.. Ya que ante la incertidumbre y el descontento existente, los representantes empresariales expresaron su inter\u00e9s en establecer un compromiso firme con el Ayuntamiento de Veracruz para garantizar la transparencia en el manejo de recursos, as\u00ed como la presentaci\u00f3n de informes claros sobre la administraci\u00f3n anterior.. M\u00c1S CLARO, NI EL AGUA.. AMEN..<\/p>\n","protected":false},"excerpt":{"rendered":"<p>Ricardo Chua Desde hace meses, a mediados del 2025, empresarios cuyas compa\u00f1\u00edas se encuentran ubicadas en la Ciudad Industrial &#8220;Bruno Pagliai&#8221;, en el puerto de Veracruz, considerada las m\u00e1s grande en latinoam\u00e9rica.. Con m\u00e1s de 350 empresas asentadas y que es la m\u00e1s importante en la regi\u00f3n sureste del pa\u00eds.. Sostienen un enfrentamiento medi\u00e1tico y [&hellip;]<\/p>\n","protected":false},"author":29,"featured_media":215714,"comment_status":"open","ping_status":"open","sticky":false,"template":"","format":"standard","meta":{"_monsterinsights_skip_tracking":false,"_monsterinsights_sitenote_active":false,"_monsterinsights_sitenote_note":"","_monsterinsights_sitenote_category":0,"footnotes":""},"categories":[245],"tags":[327],"class_list":["post-215713","post","type-post","status-publish","format-standard","has-post-thumbnail","hentry","category-dialogos-de-poder","tag-ricardo-chua","wp-image-borders"],"amp_enabled":true,"_links":{"self":[{"href":"https:\/\/nvnoticias.mx\/index.php\/wp-json\/wp\/v2\/posts\/215713","targetHints":{"allow":["GET"]}}],"collection":[{"href":"https:\/\/nvnoticias.mx\/index.php\/wp-json\/wp\/v2\/posts"}],"about":[{"href":"https:\/\/nvnoticias.mx\/index.php\/wp-json\/wp\/v2\/types\/post"}],"author":[{"embeddable":true,"href":"https:\/\/nvnoticias.mx\/index.php\/wp-json\/wp\/v2\/users\/29"}],"replies":[{"embeddable":true,"href":"https:\/\/nvnoticias.mx\/index.php\/wp-json\/wp\/v2\/comments?post=215713"}],"version-history":[{"count":1,"href":"https:\/\/nvnoticias.mx\/index.php\/wp-json\/wp\/v2\/posts\/215713\/revisions"}],"predecessor-version":[{"id":215715,"href":"https:\/\/nvnoticias.mx\/index.php\/wp-json\/wp\/v2\/posts\/215713\/revisions\/215715"}],"wp:featuredmedia":[{"embeddable":true,"href":"https:\/\/nvnoticias.mx\/index.php\/wp-json\/wp\/v2\/media\/215714"}],"wp:attachment":[{"href":"https:\/\/nvnoticias.mx\/index.php\/wp-json\/wp\/v2\/media?parent=215713"}],"wp:term":[{"taxonomy":"category","embeddable":true,"href":"https:\/\/nvnoticias.mx\/index.php\/wp-json\/wp\/v2\/categories?post=215713"},{"taxonomy":"post_tag","embeddable":true,"href":"https:\/\/nvnoticias.mx\/index.php\/wp-json\/wp\/v2\/tags?post=215713"}],"curies":[{"name":"wp","href":"https:\/\/api.w.org\/{rel}","templated":true}]}}