{"id":215710,"date":"2026-04-28T08:02:37","date_gmt":"2026-04-28T14:02:37","guid":{"rendered":"https:\/\/nvnoticias.mx\/?p=215710"},"modified":"2026-04-28T08:02:44","modified_gmt":"2026-04-28T14:02:44","slug":"bitacora-de-vuelo-el-factor-humano-el-verdadero-desafio-de-la-innovacion","status":"publish","type":"post","link":"https:\/\/nvnoticias.mx\/index.php\/2026\/04\/28\/bitacora-de-vuelo-el-factor-humano-el-verdadero-desafio-de-la-innovacion\/","title":{"rendered":"Bit\u00e1cora de vuelo | El factor humano: El verdadero desaf\u00edo de la innovaci\u00f3n"},"content":{"rendered":"\n<p><\/p>\n\n\n\n<p>Por <a href=\"https:\/\/www.facebook.com\/YoldiNews?__cft__[0]=AZbiSuhfUGm-WmrZdoZEo7gsyg9QCUcaJykY5XnHluXwu6znBdFJ56ZOThvtVmNrxN0wCH8mo6wXDBVdpGhFi34s5sbK6PrYs3RFqJueB6CnpBYJ_LPhZsHyfEVGymUSe-4QvIw-2OeZ2-lfG2zgYrkVQURhcsp0YGher6mML_XDzA&amp;__tn__=-]K-R\">Art1llero<\/a><\/p>\n\n\n\n<p>A lo largo de m\u00e1s de tres d\u00e9cadas recorriendo, estudios y cabinas de radio, salas de redacci\u00f3n, consejos editoriales y oficinas corporativas en diversas ciudades y empresas, he llegado a una conclusi\u00f3n: la tecnolog\u00eda y los sistemas son la parte sencilla de cualquier transformaci\u00f3n. El verdadero reto, el que a menudo determina el \u00e9xito o el naufragio de un proyecto de innovaci\u00f3n, es el factor humano.<\/p>\n\n\n\n<p>Implementar cambios estructurales en una organizaci\u00f3n no es solo una cuesti\u00f3n de nuevos procesos; es un ejercicio de gesti\u00f3n de voluntades. En mi experiencia dirigiendo proyectos de implementaci\u00f3n, la barrera m\u00e1s alta no suele ser t\u00e9cnica, sino psicol\u00f3gica.<\/p>\n\n\n\n<p>La resistencia al cambio emerge como un mecanismo de defensa natural, pero en entornos donde la gobernanza est\u00e1 fragmentada, este fen\u00f3meno adquiere matices mucho m\u00e1s complejos.<\/p>\n\n\n\n<p>Cuando una empresa opera bajo &#8220;cotos de poder&#8221; o islas de influencia, la innovaci\u00f3n es percibida no como un avance colectivo, sino como una amenaza a privilegios establecidos.<\/p>\n\n\n\n<p>En estos escenarios, el cambio se interpreta como una p\u00e9rdida de control. El aferrarse a las formas tradicionales de hacer las cosas \u2013el famoso &#8220;siempre se ha hecho as\u00ed&#8221;\u2013 se convierte en un obst\u00e1culo que drena recursos y frena el crecimiento.<\/p>\n\n\n\n<p>He observado que, en el sector de los medios de comunicaci\u00f3n, esta din\u00e1mica es particularmente sensible. La fragmentaci\u00f3n del mando y la defensa de parcelas de autoridad, dificultan la agilidad que el mercado actual exige. No basta con tener la mejor plataforma digital o el modelo de negocio m\u00e1s robusto; si los liderazgos intermedios y el personal operativo no logran superar el miedo a lo nuevo o el apego a sus \u00e1reas de confort, el proyecto nace con un lastre dif\u00edcil de soltar.<\/p>\n\n\n\n<p>La innovaci\u00f3n real requiere, ante todo, una voluntad pol\u00edtica interna y una visi\u00f3n compartida que trascienda los intereses individuales.<\/p>\n\n\n\n<p>Para transformar una organizaci\u00f3n, primero hay que transformar la mentalidad de quienes la integran, rompiendo esas barreras invisibles pero s\u00f3lidas que construyen quienes prefieren el estancamiento conocido a la evoluci\u00f3n incierta.<\/p>\n\n\n\n<p>Al final, el \u00e9xito de cualquier proyecto de innovaci\u00f3n reside en nuestra capacidad para gestionar la resistencia y convertir los antiguos &#8220;cotos de poder&#8221; en motores de colaboraci\u00f3n.<\/p>\n","protected":false},"excerpt":{"rendered":"<p>Por Art1llero A lo largo de m\u00e1s de tres d\u00e9cadas recorriendo, estudios y cabinas de radio, salas de redacci\u00f3n, consejos editoriales y oficinas corporativas en diversas ciudades y empresas, he llegado a una conclusi\u00f3n: la tecnolog\u00eda y los sistemas son la parte sencilla de cualquier transformaci\u00f3n. El verdadero reto, el que a menudo determina el [&hellip;]<\/p>\n","protected":false},"author":11,"featured_media":215711,"comment_status":"open","ping_status":"open","sticky":false,"template":"","format":"standard","meta":{"_monsterinsights_skip_tracking":false,"_monsterinsights_sitenote_active":false,"_monsterinsights_sitenote_note":"","_monsterinsights_sitenote_category":0,"footnotes":""},"categories":[429],"tags":[430],"class_list":["post-215710","post","type-post","status-publish","format-standard","has-post-thumbnail","hentry","category-artillero","tag-moises-hernandez-yoldi","wp-image-borders"],"amp_enabled":true,"_links":{"self":[{"href":"https:\/\/nvnoticias.mx\/index.php\/wp-json\/wp\/v2\/posts\/215710","targetHints":{"allow":["GET"]}}],"collection":[{"href":"https:\/\/nvnoticias.mx\/index.php\/wp-json\/wp\/v2\/posts"}],"about":[{"href":"https:\/\/nvnoticias.mx\/index.php\/wp-json\/wp\/v2\/types\/post"}],"author":[{"embeddable":true,"href":"https:\/\/nvnoticias.mx\/index.php\/wp-json\/wp\/v2\/users\/11"}],"replies":[{"embeddable":true,"href":"https:\/\/nvnoticias.mx\/index.php\/wp-json\/wp\/v2\/comments?post=215710"}],"version-history":[{"count":1,"href":"https:\/\/nvnoticias.mx\/index.php\/wp-json\/wp\/v2\/posts\/215710\/revisions"}],"predecessor-version":[{"id":215712,"href":"https:\/\/nvnoticias.mx\/index.php\/wp-json\/wp\/v2\/posts\/215710\/revisions\/215712"}],"wp:featuredmedia":[{"embeddable":true,"href":"https:\/\/nvnoticias.mx\/index.php\/wp-json\/wp\/v2\/media\/215711"}],"wp:attachment":[{"href":"https:\/\/nvnoticias.mx\/index.php\/wp-json\/wp\/v2\/media?parent=215710"}],"wp:term":[{"taxonomy":"category","embeddable":true,"href":"https:\/\/nvnoticias.mx\/index.php\/wp-json\/wp\/v2\/categories?post=215710"},{"taxonomy":"post_tag","embeddable":true,"href":"https:\/\/nvnoticias.mx\/index.php\/wp-json\/wp\/v2\/tags?post=215710"}],"curies":[{"name":"wp","href":"https:\/\/api.w.org\/{rel}","templated":true}]}}