{"id":215695,"date":"2026-04-27T16:45:37","date_gmt":"2026-04-27T22:45:37","guid":{"rendered":"https:\/\/nvnoticias.mx\/?p=215695"},"modified":"2026-04-27T16:45:46","modified_gmt":"2026-04-27T22:45:46","slug":"inah-descubre-en-quintana-roo-antigua-ciudad-maya-de-arquitectura-monumental","status":"publish","type":"post","link":"https:\/\/nvnoticias.mx\/index.php\/2026\/04\/27\/inah-descubre-en-quintana-roo-antigua-ciudad-maya-de-arquitectura-monumental\/","title":{"rendered":"INAH descubre en Quintana Roo antigua ciudad maya de arquitectura monumental"},"content":{"rendered":"\n<p>El Instituto Nacional de Antropolog\u00eda e Historia (Inah) inform\u00f3 que registra una zona identificada como El Jefeci\u00f1o, un antiguo asentamiento prehisp\u00e1nico de 80 edificios, ubicado en el municipio Oth\u00f3n P. Blanco, Quintana Roo.<\/p>\n\n\n\n<p>El \u00e1rea fue dada a conocer a las autoridades por habitantes de la regi\u00f3n durante las labores del Proyecto de Salvamento Arqueol\u00f3gico Tren Maya, coordinado por el arque\u00f3logo Manuel P\u00e9rez Rivas, en el frente 1 del Tramo 7.<\/p>\n\n\n\n<p>Datos preliminares indican que El Jefeci\u00f1o se despliega en 100 hect\u00e1reas; sin embargo, podr\u00eda abarcar m\u00e1s, por lo que es necesario realizar una exploraci\u00f3n minuciosa para determinar con exactitud su superficie, las dimensiones de los edificios y el patr\u00f3n de asentamiento, entre otros atributos, explic\u00f3 Sonny Ojeda, responsable de la Zona Arqueol\u00f3gica de Dzibanch\u00e9 Kinichn\u00e1.<\/p>\n\n\n\n<p>Agreg\u00f3 que de acuerdo con la evidencia, los vestigios podr\u00edan corresponder al periodo Cl\u00e1sico Temprano\/Tard\u00edo (250-900 d.C.), en el que se desarroll\u00f3 la arquitectura maya de estilo Pet\u00e9n, caracterizada por edificaciones abovedadas de gran envergadura, esquinas redondeadas y remetidas, con molduras en delantal.<\/p>\n\n\n\n<p>Diana Blancas, encargada de la Zona Arqueol\u00f3gica Kohunlich, quien trabaj\u00f3 junto a Ojeda entre 2023 y 2024 a fin de determinar el estado de conservaci\u00f3n de la urbe y su posible extensi\u00f3n, se\u00f1al\u00f3: \u201cSe pudo observar lo que corresponder\u00eda al \u00e1rea nuclear, compuesta por cinco edificios, de entre 11 y 14 metros de alto, por 16 y hasta 40 metros de largo. Dichos monumentos est\u00e1n distribuidos a manera de plaza en forma de \u2018C\u2019\u201d.<\/p>\n\n\n\n<p>En el edificio identificado con el No. 53035, en el noreste del predio, se observaron restos de estuco con pintura mural decorativa y fragmentos de una osamenta humana que, posiblemente, formen parte de un contexto de enterramiento, acot\u00f3. Los especialistas destacaron que no se realiz\u00f3 un salvamento arqueol\u00f3gico, por lo que no fue posible efectuar un an\u00e1lisis profundo del material encontrado ni tampoco su recuperaci\u00f3n, ya que las evidencias deben permanecer in situ.<\/p>\n\n\n\n<p>Ojeda detall\u00f3 que la pintura mural es de estilo decorativo y no narrativo, con pigmentos en colores blanco y naranja, as\u00ed como franjas rojas; no obstante, se requiere una exploraci\u00f3n intensiva para verificarlo. Aunado a ello, en el monumento No. 53037, al noroeste del conjunto, se alcanza a ver una subestructura con moldura de delantal.<\/p>\n\n\n\n<p>De manera superficial se identificaron tres etapas constructivas: en la primera y m\u00e1s profunda (aproximadamente 8 metros), est\u00e1 la moldura de delantal; la segunda, corresponde a los restos de pintura mural, y la tercera presenta derrumbes en los que aparecen desplantes de escalinatas. \u201cPor el tama\u00f1o de los edificios inferimos que, al menos, deben tener entre cuatro y cinco etapas constructivas\u201d, a\u00f1adi\u00f3 el arque\u00f3logo.<\/p>\n\n\n\n<p>Otro hallazgo corresponde a las tres b\u00f3vedas mayas al interior de algunos edificios, colocadas en saledizo, las cuales tienen buen estado de conservaci\u00f3n. Se espera que en el futuro se pueda realizar un proyecto de mapeo para definir y estudiar el patr\u00f3n de asentamiento.<\/p>\n\n\n\n<p>La secretaria de Cultura federal, Claudia Curiel de Icaza, al igual que los investigadores, coincidieron en que el estudio de la urbe contribuir\u00e1 a comprender la red de sitios arqueol\u00f3gicos de la regi\u00f3n, as\u00ed como a ampliar lo que se sabe de los antiguos mayas del sur de la entidad y las relaciones sociales que existieron entre ellos.<\/p>\n\n\n\n<p>Fuente: La <a href=\"https:\/\/www.jornada.com.mx\/noticia\/2026\/04\/27\/cultura\/inah-descubre-en-quintana-roo-antigua-ciudad-maya-de-arquitectura-monumental\">Jornada<\/a> <\/p>\n","protected":false},"excerpt":{"rendered":"<p>El Instituto Nacional de Antropolog\u00eda e Historia (Inah) inform\u00f3 que registra una zona identificada como El Jefeci\u00f1o, un antiguo asentamiento prehisp\u00e1nico de 80 edificios, ubicado en el municipio Oth\u00f3n P. Blanco, Quintana Roo. El \u00e1rea fue dada a conocer a las autoridades por habitantes de la regi\u00f3n durante las labores del Proyecto de Salvamento Arqueol\u00f3gico [&hellip;]<\/p>\n","protected":false},"author":35,"featured_media":215697,"comment_status":"open","ping_status":"open","sticky":false,"template":"","format":"standard","meta":{"_monsterinsights_skip_tracking":false,"_monsterinsights_sitenote_active":false,"_monsterinsights_sitenote_note":"","_monsterinsights_sitenote_category":0,"footnotes":""},"categories":[157],"tags":[1238,6911,2313],"class_list":["post-215695","post","type-post","status-publish","format-standard","has-post-thumbnail","hentry","category-nacional","tag-inah","tag-maya","tag-quintana-roo","wp-image-borders"],"amp_enabled":true,"_links":{"self":[{"href":"https:\/\/nvnoticias.mx\/index.php\/wp-json\/wp\/v2\/posts\/215695","targetHints":{"allow":["GET"]}}],"collection":[{"href":"https:\/\/nvnoticias.mx\/index.php\/wp-json\/wp\/v2\/posts"}],"about":[{"href":"https:\/\/nvnoticias.mx\/index.php\/wp-json\/wp\/v2\/types\/post"}],"author":[{"embeddable":true,"href":"https:\/\/nvnoticias.mx\/index.php\/wp-json\/wp\/v2\/users\/35"}],"replies":[{"embeddable":true,"href":"https:\/\/nvnoticias.mx\/index.php\/wp-json\/wp\/v2\/comments?post=215695"}],"version-history":[{"count":3,"href":"https:\/\/nvnoticias.mx\/index.php\/wp-json\/wp\/v2\/posts\/215695\/revisions"}],"predecessor-version":[{"id":215699,"href":"https:\/\/nvnoticias.mx\/index.php\/wp-json\/wp\/v2\/posts\/215695\/revisions\/215699"}],"wp:featuredmedia":[{"embeddable":true,"href":"https:\/\/nvnoticias.mx\/index.php\/wp-json\/wp\/v2\/media\/215697"}],"wp:attachment":[{"href":"https:\/\/nvnoticias.mx\/index.php\/wp-json\/wp\/v2\/media?parent=215695"}],"wp:term":[{"taxonomy":"category","embeddable":true,"href":"https:\/\/nvnoticias.mx\/index.php\/wp-json\/wp\/v2\/categories?post=215695"},{"taxonomy":"post_tag","embeddable":true,"href":"https:\/\/nvnoticias.mx\/index.php\/wp-json\/wp\/v2\/tags?post=215695"}],"curies":[{"name":"wp","href":"https:\/\/api.w.org\/{rel}","templated":true}]}}