{"id":215690,"date":"2026-04-27T16:40:31","date_gmt":"2026-04-27T22:40:31","guid":{"rendered":"https:\/\/nvnoticias.mx\/?p=215690"},"modified":"2026-04-27T16:40:39","modified_gmt":"2026-04-27T22:40:39","slug":"reconoce-sheinbaum-afectaciones-al-sector-automotriz-y-acerero-por-aranceles-de-trump","status":"publish","type":"post","link":"https:\/\/nvnoticias.mx\/index.php\/2026\/04\/27\/reconoce-sheinbaum-afectaciones-al-sector-automotriz-y-acerero-por-aranceles-de-trump\/","title":{"rendered":"Reconoce Sheinbaum afectaciones al sector automotriz y acerero por aranceles de Trump"},"content":{"rendered":"\n<p>Las medidas impuestas por el mandatario de Estados Unidos, Donald Trump, a productos como el acero y los veh\u00edculos ya tienen consecuencias en la p\u00e9rdida de puestos de trabajo en M\u00e9xico.<\/p>\n\n\n\n<p>La presidenta Claudia Sheinbaum Pardo reconoci\u00f3 esta ma\u00f1ana que en el primer trimestre del a\u00f1o hay una ca\u00edda en los empleos en los sectores automotriz, en particular de carros el\u00e9ctricos, y del acero.<\/p>\n\n\n\n<p>A pregunta en su conferencia en Palacio Nacional sobre el reporte que present\u00f3 la semana pasada el Instituto Nacional de Estad\u00edstica y Geograf\u00eda donde se revel\u00f3 que en el primer trimestre de 2026 se perdieron 227 mil 155 empleos, la mandataria apunt\u00f3 que se trata de bajas en manufactura en particular en esas dos industrias.<\/p>\n\n\n\n<p>\u201c\u00bfD\u00f3nde hemos perdido algo de empleo? En el sector manufactura en la industria, en particular, en algunos sectores de la industria automotriz, en especial en autos el\u00e9ctricos que se fabricaban para exportaci\u00f3n, porque el presidente Trump decidi\u00f3 ya no dar los incentivos que daba (el ex presidente Joe) Biden para los autos el\u00e9ctricos, y ah\u00ed hubo una disminuci\u00f3n de la producci\u00f3n. No se cerr\u00f3 la planta, pero hubo una disminuci\u00f3n de la producci\u00f3n. Y algo en el acero, ah\u00ed s\u00ed, por los aranceles\u201d.<\/p>\n\n\n\n<p>Pese a ello, la jefa del Ejecutivo acot\u00f3 que cuando se compara marzo de este a\u00f1o con el mismo mes de 2025 \u201chay un incremento muy significativo\u201d en la cantidad de puestos de trabajo que reportan en el pa\u00eds.<\/p>\n\n\n\n<p>\u201cSon los dos los dos sectores en donde se han perdido algo de empleo. Sin embargo, hay otros sectores de la manufactura que han aumentado y, particularmente, el sector servicios aument\u00f3\u201d.<\/p>\n\n\n\n<p>Fuente: La <a href=\"https:\/\/www.jornada.com.mx\/noticia\/2026\/04\/27\/economia\/reconoce-sheinbaum-afectaciones-al-sector-automotriz-y-acerero-por-aranceles-de-trump\">Jornada<\/a> <\/p>\n","protected":false},"excerpt":{"rendered":"<p>Las medidas impuestas por el mandatario de Estados Unidos, Donald Trump, a productos como el acero y los veh\u00edculos ya tienen consecuencias en la p\u00e9rdida de puestos de trabajo en M\u00e9xico. La presidenta Claudia Sheinbaum Pardo reconoci\u00f3 esta ma\u00f1ana que en el primer trimestre del a\u00f1o hay una ca\u00edda en los empleos en los sectores [&hellip;]<\/p>\n","protected":false},"author":35,"featured_media":215691,"comment_status":"open","ping_status":"open","sticky":false,"template":"","format":"standard","meta":{"_monsterinsights_skip_tracking":false,"_monsterinsights_sitenote_active":false,"_monsterinsights_sitenote_note":"","_monsterinsights_sitenote_category":0,"footnotes":""},"categories":[157],"tags":[2801,183,292],"class_list":["post-215690","post","type-post","status-publish","format-standard","has-post-thumbnail","hentry","category-nacional","tag-claudia-sheinbaum","tag-estados-unidos","tag-mexico","wp-image-borders"],"amp_enabled":true,"_links":{"self":[{"href":"https:\/\/nvnoticias.mx\/index.php\/wp-json\/wp\/v2\/posts\/215690","targetHints":{"allow":["GET"]}}],"collection":[{"href":"https:\/\/nvnoticias.mx\/index.php\/wp-json\/wp\/v2\/posts"}],"about":[{"href":"https:\/\/nvnoticias.mx\/index.php\/wp-json\/wp\/v2\/types\/post"}],"author":[{"embeddable":true,"href":"https:\/\/nvnoticias.mx\/index.php\/wp-json\/wp\/v2\/users\/35"}],"replies":[{"embeddable":true,"href":"https:\/\/nvnoticias.mx\/index.php\/wp-json\/wp\/v2\/comments?post=215690"}],"version-history":[{"count":3,"href":"https:\/\/nvnoticias.mx\/index.php\/wp-json\/wp\/v2\/posts\/215690\/revisions"}],"predecessor-version":[{"id":215694,"href":"https:\/\/nvnoticias.mx\/index.php\/wp-json\/wp\/v2\/posts\/215690\/revisions\/215694"}],"wp:featuredmedia":[{"embeddable":true,"href":"https:\/\/nvnoticias.mx\/index.php\/wp-json\/wp\/v2\/media\/215691"}],"wp:attachment":[{"href":"https:\/\/nvnoticias.mx\/index.php\/wp-json\/wp\/v2\/media?parent=215690"}],"wp:term":[{"taxonomy":"category","embeddable":true,"href":"https:\/\/nvnoticias.mx\/index.php\/wp-json\/wp\/v2\/categories?post=215690"},{"taxonomy":"post_tag","embeddable":true,"href":"https:\/\/nvnoticias.mx\/index.php\/wp-json\/wp\/v2\/tags?post=215690"}],"curies":[{"name":"wp","href":"https:\/\/api.w.org\/{rel}","templated":true}]}}