{"id":215672,"date":"2026-04-27T12:45:11","date_gmt":"2026-04-27T18:45:11","guid":{"rendered":"https:\/\/nvnoticias.mx\/?p=215672"},"modified":"2026-04-27T12:45:20","modified_gmt":"2026-04-27T18:45:20","slug":"rayados-de-monterrey-anuncia-la-salida-de-tato-noriega-como-su-presidente-deportivo","status":"publish","type":"post","link":"https:\/\/nvnoticias.mx\/index.php\/2026\/04\/27\/rayados-de-monterrey-anuncia-la-salida-de-tato-noriega-como-su-presidente-deportivo\/","title":{"rendered":"Rayados de Monterrey anuncia la salida de \u2018Tato\u2019 Noriega como su presidente deportivo"},"content":{"rendered":"\n<p><\/p>\n\n\n\n<p>La etapa del dirigente Jos\u00e9 Antonio Noriega al frente del \u00e1rea deportiva del club regiomontano ha llegado a su fin tras un ciclo que, m\u00e1s all\u00e1 de las expectativas generadas, termina sin t\u00edtulos en el primer equipo, un factor que termin\u00f3 por marcar su salida.<\/p>\n\n\n\n<p>Durante su gesti\u00f3n, Rayados no logr\u00f3 consolidarse como el equipo dominante que se esperaba. A pesar de contar con una de las plantillas m\u00e1s costosas y competitivas del futbol mexicano, los resultados no estuvieron a la altura en los momentos clave, dejando escapar oportunidades importantes de consagrarse.<\/p>\n\n\n\n<p>El punto m\u00e1s alto de su administraci\u00f3n fue la final del Apertura 2024, misma que termin\u00f3 siendo la \u00fanica ocasi\u00f3n en la que el equipo regiomontano estuvo realmente cerca de levantar un campeonato bajo su mando. Sin embargo, ese subcampeonato termin\u00f3 pesando con el paso del tiempo ante la falta de m\u00e1s finales disputadas.<\/p>\n\n\n\n<p>Con su salida, Rayados se enfrenta nuevamente a una reestructuraci\u00f3n en su direcci\u00f3n deportiva, buscando corregir el rumbo y finalmente traducir su inversi\u00f3n y jerarqu\u00eda en campeonatos. La exigencia en Monterrey no cambia, y el siguiente encargado tendr\u00e1 la misi\u00f3n de convertir las expectativas en resultados concretos.<\/p>\n\n\n\n<p>Fuente: Milenio <\/p>\n","protected":false},"excerpt":{"rendered":"<p>La etapa del dirigente Jos\u00e9 Antonio Noriega al frente del \u00e1rea deportiva del club regiomontano ha llegado a su fin tras un ciclo que, m\u00e1s all\u00e1 de las expectativas generadas, termina sin t\u00edtulos en el primer equipo, un factor que termin\u00f3 por marcar su salida. Durante su gesti\u00f3n, Rayados no logr\u00f3 consolidarse como el equipo [&hellip;]<\/p>\n","protected":false},"author":6,"featured_media":215673,"comment_status":"open","ping_status":"open","sticky":false,"template":"","format":"standard","meta":{"_monsterinsights_skip_tracking":false,"_monsterinsights_sitenote_active":false,"_monsterinsights_sitenote_note":"","_monsterinsights_sitenote_category":0,"footnotes":""},"categories":[159],"tags":[33310,31433,33309],"class_list":["post-215672","post","type-post","status-publish","format-standard","has-post-thumbnail","hentry","category-deportes","tag-direccion-deportiva","tag-rayados-de-monterrey","tag-tato-noriega","wp-image-borders"],"amp_enabled":true,"_links":{"self":[{"href":"https:\/\/nvnoticias.mx\/index.php\/wp-json\/wp\/v2\/posts\/215672","targetHints":{"allow":["GET"]}}],"collection":[{"href":"https:\/\/nvnoticias.mx\/index.php\/wp-json\/wp\/v2\/posts"}],"about":[{"href":"https:\/\/nvnoticias.mx\/index.php\/wp-json\/wp\/v2\/types\/post"}],"author":[{"embeddable":true,"href":"https:\/\/nvnoticias.mx\/index.php\/wp-json\/wp\/v2\/users\/6"}],"replies":[{"embeddable":true,"href":"https:\/\/nvnoticias.mx\/index.php\/wp-json\/wp\/v2\/comments?post=215672"}],"version-history":[{"count":1,"href":"https:\/\/nvnoticias.mx\/index.php\/wp-json\/wp\/v2\/posts\/215672\/revisions"}],"predecessor-version":[{"id":215674,"href":"https:\/\/nvnoticias.mx\/index.php\/wp-json\/wp\/v2\/posts\/215672\/revisions\/215674"}],"wp:featuredmedia":[{"embeddable":true,"href":"https:\/\/nvnoticias.mx\/index.php\/wp-json\/wp\/v2\/media\/215673"}],"wp:attachment":[{"href":"https:\/\/nvnoticias.mx\/index.php\/wp-json\/wp\/v2\/media?parent=215672"}],"wp:term":[{"taxonomy":"category","embeddable":true,"href":"https:\/\/nvnoticias.mx\/index.php\/wp-json\/wp\/v2\/categories?post=215672"},{"taxonomy":"post_tag","embeddable":true,"href":"https:\/\/nvnoticias.mx\/index.php\/wp-json\/wp\/v2\/tags?post=215672"}],"curies":[{"name":"wp","href":"https:\/\/api.w.org\/{rel}","templated":true}]}}