{"id":215671,"date":"2026-04-27T14:10:46","date_gmt":"2026-04-27T20:10:46","guid":{"rendered":"https:\/\/nvnoticias.mx\/?p=215671"},"modified":"2026-04-27T14:10:54","modified_gmt":"2026-04-27T20:10:54","slug":"ucrania-advierte-a-israel-que-tomara-medidas-si-permite-que-barco-de-territorios-ocupados-llegue-a-haifa","status":"publish","type":"post","link":"https:\/\/nvnoticias.mx\/index.php\/2026\/04\/27\/ucrania-advierte-a-israel-que-tomara-medidas-si-permite-que-barco-de-territorios-ocupados-llegue-a-haifa\/","title":{"rendered":"Ucrania advierte a Israel que tomar\u00e1 medidas si permite que barco de territorios ocupados llegue a Haifa"},"content":{"rendered":"\n<p>Israel se arriesga \u2060a una respuesta diplom\u00e1tica y \u2060jur\u00eddica por \u2060parte de Kiev si permite que un buque que transporta cereales procedentes de los territorios ucranios ocupados por Rusia atraque en el puerto de Haifa, inform\u00f3 el lunes una fuente diplom\u00e1tica ucraniana a Reuters.<\/p>\n\n\n\n<p>El peri\u00f3dico israel\u00ed Haaretz inform\u00f3 anteriormente que \u2060el buque Panormitis, que \u200bdijo que transportaba \u2060cereales procedentes del territorio ucranio ocupado que Kiev considera robados, estaba a la espera de permiso para \u200catracar \u200cen Haifa.<\/p>\n\n\n\n<p>&#8220;Si no se rechaza este barco y su carga, nos reservamos el derecho a \u200bdesplegar todo un conjunto de \u200brespuestas diplom\u00e1ticas y jur\u00eddicas \u200binternacionales&#8221;, afirm\u00f3 la fuente ucraniana \u200cbajo condici\u00f3n de anonimato.<\/p>\n\n\n\n<p>El Ministerio de Asuntos Exteriores de Israel no respondi\u00f3 de inmediato a una solicitud de comentarios.<\/p>\n\n\n\n<p>Haaretz inform\u00f3 el domingo que este a\u00f1o ya se hab\u00edan descargado en Israel cuatro cargamentos de cereales procedentes de la Ucrania ocupada.<\/p>\n\n\n\n<p>&#8220;La pr\u00e1ctica de blanquear bienes robados es \u200cinaceptable, e Israel ha ignorado pr\u00e1cticamente nuestras exigencias en \u2060relaci\u00f3n con el buque anterior&#8221;, afirm\u00f3 la fuente.<\/p>\n\n\n\n<p>Fuente: La <a href=\"https:\/\/www.jornada.com.mx\/noticia\/2026\/04\/27\/mundo\/ucrania-tomara-medidas-contra-israel-si-atraca-buque-con-cereales-de-territorios-ocupados-dice-fuente\">Jornada<\/a><\/p>\n","protected":false},"excerpt":{"rendered":"<p>Israel se arriesga \u2060a una respuesta diplom\u00e1tica y \u2060jur\u00eddica por \u2060parte de Kiev si permite que un buque que transporta cereales procedentes de los territorios ucranios ocupados por Rusia atraque en el puerto de Haifa, inform\u00f3 el lunes una fuente diplom\u00e1tica ucraniana a Reuters. El peri\u00f3dico israel\u00ed Haaretz inform\u00f3 anteriormente que \u2060el buque Panormitis, que [&hellip;]<\/p>\n","protected":false},"author":35,"featured_media":215675,"comment_status":"open","ping_status":"open","sticky":false,"template":"","format":"standard","meta":{"_monsterinsights_skip_tracking":false,"_monsterinsights_sitenote_active":false,"_monsterinsights_sitenote_note":"","_monsterinsights_sitenote_category":0,"footnotes":""},"categories":[181],"tags":[3337,5041],"class_list":["post-215671","post","type-post","status-publish","format-standard","has-post-thumbnail","hentry","category-internacional","tag-israel","tag-ucrania","wp-image-borders"],"amp_enabled":true,"_links":{"self":[{"href":"https:\/\/nvnoticias.mx\/index.php\/wp-json\/wp\/v2\/posts\/215671","targetHints":{"allow":["GET"]}}],"collection":[{"href":"https:\/\/nvnoticias.mx\/index.php\/wp-json\/wp\/v2\/posts"}],"about":[{"href":"https:\/\/nvnoticias.mx\/index.php\/wp-json\/wp\/v2\/types\/post"}],"author":[{"embeddable":true,"href":"https:\/\/nvnoticias.mx\/index.php\/wp-json\/wp\/v2\/users\/35"}],"replies":[{"embeddable":true,"href":"https:\/\/nvnoticias.mx\/index.php\/wp-json\/wp\/v2\/comments?post=215671"}],"version-history":[{"count":4,"href":"https:\/\/nvnoticias.mx\/index.php\/wp-json\/wp\/v2\/posts\/215671\/revisions"}],"predecessor-version":[{"id":215679,"href":"https:\/\/nvnoticias.mx\/index.php\/wp-json\/wp\/v2\/posts\/215671\/revisions\/215679"}],"wp:featuredmedia":[{"embeddable":true,"href":"https:\/\/nvnoticias.mx\/index.php\/wp-json\/wp\/v2\/media\/215675"}],"wp:attachment":[{"href":"https:\/\/nvnoticias.mx\/index.php\/wp-json\/wp\/v2\/media?parent=215671"}],"wp:term":[{"taxonomy":"category","embeddable":true,"href":"https:\/\/nvnoticias.mx\/index.php\/wp-json\/wp\/v2\/categories?post=215671"},{"taxonomy":"post_tag","embeddable":true,"href":"https:\/\/nvnoticias.mx\/index.php\/wp-json\/wp\/v2\/tags?post=215671"}],"curies":[{"name":"wp","href":"https:\/\/api.w.org\/{rel}","templated":true}]}}