{"id":215660,"date":"2026-04-27T11:47:13","date_gmt":"2026-04-27T17:47:13","guid":{"rendered":"https:\/\/nvnoticias.mx\/?p=215660"},"modified":"2026-04-27T11:47:21","modified_gmt":"2026-04-27T17:47:21","slug":"acoso-en-escuelas-impulsa-a-estudiantes-a-difundir-como-reportarlo-en-xalapa","status":"publish","type":"post","link":"https:\/\/nvnoticias.mx\/index.php\/2026\/04\/27\/acoso-en-escuelas-impulsa-a-estudiantes-a-difundir-como-reportarlo-en-xalapa\/","title":{"rendered":"Acoso en escuelas impulsa a estudiantes a difundir c\u00f3mo reportarlo en Xalapa"},"content":{"rendered":"\n<p><\/p>\n\n\n\n<p><strong>Sam Ojeda \/ NV Noticias<\/strong><\/p>\n\n\n\n<p>Xalapa.- Los casos de acoso escolar que se han registrado en planteles de Veracruz han llevado a estudiantes a visibilizar el problema y promover acciones para frenarlo.&nbsp;<\/p>\n\n\n\n<p>En la Escuela de Bachilleres \u201cAntonio Mar\u00eda de Rivera\u201d, turno vespertino, alumnos elaboraron un video para insistir en la importancia de reportar cualquier se\u00f1al de violencia.<\/p>\n\n\n\n<p>El cortometraje fue producido por los propios j\u00f3venes y plantea un llamado directo a no ignorar conductas que puedan escalar dentro del entorno escolar.<\/p>\n\n\n\n<p>&#8220;Si ves algo que te preocupa, notas que alguien no est\u00e1 bien o escuchas algo fuera de lugar, act\u00faa, no lo ignores&#8221;.<\/p>\n\n\n\n<p>En el mensaje, destacan que la atenci\u00f3n oportuna depende de que la comunidad act\u00fae y d\u00e9 aviso a docentes, directivos o personal de confianza.<\/p>\n\n\n\n<p>\u201cCuidarse es algo de todas y todos\u201d.<\/p>\n\n\n\n<p>Tambi\u00e9n advierten sobre pr\u00e1cticas que agravan el problema, como la difusi\u00f3n de contenido que expone a otros estudiantes, por lo que llaman a no compartir este tipo de material y a priorizar la denuncia, bajo etiquetas como #ReportaNoCompartas y #NoEsUnJuego.<\/p>\n\n\n\n<p>El video, en el que participaron alumnos y maestros, se difunde en un contexto donde el bullying mantiene presencia en la entidad, particularmente en secundaria, donde tres de cada diez adolescentes reportan haber sido v\u00edctimas.<\/p>\n\n\n\n<p>La iniciativa refleja que, ante la persistencia del problema, los propios estudiantes est\u00e1n impulsando mensajes para atenderlo dentro de las aulas.<\/p>\n\n\n\n<p><\/p>\n","protected":false},"excerpt":{"rendered":"<p>Sam Ojeda \/ NV Noticias Xalapa.- Los casos de acoso escolar que se han registrado en planteles de Veracruz han llevado a estudiantes a visibilizar el problema y promover acciones para frenarlo.&nbsp; En la Escuela de Bachilleres \u201cAntonio Mar\u00eda de Rivera\u201d, turno vespertino, alumnos elaboraron un video para insistir en la importancia de reportar cualquier [&hellip;]<\/p>\n","protected":false},"author":8,"featured_media":178637,"comment_status":"open","ping_status":"open","sticky":false,"template":"","format":"standard","meta":{"_monsterinsights_skip_tracking":false,"_monsterinsights_sitenote_active":false,"_monsterinsights_sitenote_note":"","_monsterinsights_sitenote_category":0,"footnotes":""},"categories":[156],"tags":[4604,659,8337],"class_list":["post-215660","post","type-post","status-publish","format-standard","has-post-thumbnail","hentry","category-estado","tag-acoso","tag-escuelas","tag-reportes","wp-image-borders"],"amp_enabled":true,"_links":{"self":[{"href":"https:\/\/nvnoticias.mx\/index.php\/wp-json\/wp\/v2\/posts\/215660","targetHints":{"allow":["GET"]}}],"collection":[{"href":"https:\/\/nvnoticias.mx\/index.php\/wp-json\/wp\/v2\/posts"}],"about":[{"href":"https:\/\/nvnoticias.mx\/index.php\/wp-json\/wp\/v2\/types\/post"}],"author":[{"embeddable":true,"href":"https:\/\/nvnoticias.mx\/index.php\/wp-json\/wp\/v2\/users\/8"}],"replies":[{"embeddable":true,"href":"https:\/\/nvnoticias.mx\/index.php\/wp-json\/wp\/v2\/comments?post=215660"}],"version-history":[{"count":1,"href":"https:\/\/nvnoticias.mx\/index.php\/wp-json\/wp\/v2\/posts\/215660\/revisions"}],"predecessor-version":[{"id":215661,"href":"https:\/\/nvnoticias.mx\/index.php\/wp-json\/wp\/v2\/posts\/215660\/revisions\/215661"}],"wp:featuredmedia":[{"embeddable":true,"href":"https:\/\/nvnoticias.mx\/index.php\/wp-json\/wp\/v2\/media\/178637"}],"wp:attachment":[{"href":"https:\/\/nvnoticias.mx\/index.php\/wp-json\/wp\/v2\/media?parent=215660"}],"wp:term":[{"taxonomy":"category","embeddable":true,"href":"https:\/\/nvnoticias.mx\/index.php\/wp-json\/wp\/v2\/categories?post=215660"},{"taxonomy":"post_tag","embeddable":true,"href":"https:\/\/nvnoticias.mx\/index.php\/wp-json\/wp\/v2\/tags?post=215660"}],"curies":[{"name":"wp","href":"https:\/\/api.w.org\/{rel}","templated":true}]}}