{"id":215658,"date":"2026-04-27T11:44:47","date_gmt":"2026-04-27T17:44:47","guid":{"rendered":"https:\/\/nvnoticias.mx\/?p=215658"},"modified":"2026-04-27T11:44:54","modified_gmt":"2026-04-27T17:44:54","slug":"tras-meses-de-atraso-carreteras-seran-inauguradas-anuncian-nuevos-tramos-en-el-norte","status":"publish","type":"post","link":"https:\/\/nvnoticias.mx\/index.php\/2026\/04\/27\/tras-meses-de-atraso-carreteras-seran-inauguradas-anuncian-nuevos-tramos-en-el-norte\/","title":{"rendered":"Tras meses de atraso, carreteras ser\u00e1n inauguradas; anuncian nuevos tramos en el norte"},"content":{"rendered":"\n<p><\/p>\n\n\n\n<p><strong>Sam Ojeda \/ NV Noticias<\/strong><\/p>\n\n\n\n<p><strong>Xalapa.-<\/strong>&nbsp;Luego de varios meses sin concluirse, carreteras iniciadas desde noviembre y diciembre de 2025 ser\u00e1n finalmente inauguradas esta semana, mientras el Gobierno de Veracruz anunci\u00f3 el arranque de nuevas obras en la zona norte del estado.<\/p>\n\n\n\n<p>La gobernadora Roc\u00edo Nahle Garc\u00eda confirm\u00f3 que los trabajos pendientes ya alcanzaron condiciones para su puesta en marcha, particularmente en distintos puntos del sur y norte de la entidad.<\/p>\n\n\n\n<p>\u201cEste mes de abril que ya terminamos esta semana, quiero todav\u00eda en esta semana dar la inauguraci\u00f3n de carreteras que ten\u00edamos pendientes, que iniciamos en diciembre, que iniciamos en noviembre, pero que ya se concluyeron\u201d.<\/p>\n\n\n\n<p>Entre las obras que entrar\u00e1n en operaci\u00f3n se encuentra la carretera Isla-Santiago, de 44 kil\u00f3metros, cuya vialidad ya est\u00e1 terminada, aunque el puente asociado sigue en proceso.<\/p>\n\n\n\n<p>\u201cEsta semana espero ir a la carretera de Isla-Santiago, son 44 kil\u00f3metros, esa qued\u00f3 pero excelentemente bien con un puente; el puente est\u00e1 en construcci\u00f3n, pero la carretera ya est\u00e1, ya est\u00e1 la carretera muy bien, vamos a dar el banderazo\u201d.<\/p>\n\n\n\n<p>En paralelo, la administraci\u00f3n estatal prev\u00e9 continuar con nuevos proyectos, principalmente en la regi\u00f3n norte, donde se contempla la expansi\u00f3n de tramos carreteros.<\/p>\n\n\n\n<p>\u201cTengo ya lista la carretera que qued\u00f3 bastante bien Papantla-Espinal y ah\u00ed vamos a dar el banderazo para Espinal-Coyutla, para el siguiente tramo\u201d.<\/p>\n\n\n\n<p>Tambi\u00e9n se anunci\u00f3 el inicio de la brecha huasteca en el tramo de Tampico Alto a Ozuluama, as\u00ed como la continuidad de la carretera federal 127, en coordinaci\u00f3n con la federaci\u00f3n.<\/p>\n\n\n\n<p>\u201cMe voy a pasar pues hacia el norte a tambi\u00e9n a la brecha huasteca que me la pidieron para iniciar lo que es de Tampico Alto a Ozuluama este a\u00f1o y con la SICT tambi\u00e9n nos va a acompa\u00f1ar para continuar la 127, que el a\u00f1o pasado iniciamos nosotros y este a\u00f1o tienen que iniciar ellos\u201d.<\/p>\n\n\n\n<p>En cuanto a obras a\u00fan en proceso, la carretera Acayucan-Soteapan contin\u00faa en construcci\u00f3n, aunque registra avances.<\/p>\n\n\n\n<p>\u201cTenemos tambi\u00e9n la de Acayucan-Soteapan, esa todav\u00eda le falta, esa la iniciamos ya tarde, pero tambi\u00e9n va muy muy adelantada\u201d.<\/p>\n\n\n\n<p>La gobernadora se\u00f1al\u00f3 que la reactivaci\u00f3n de obras busca impulsar la econom\u00eda regional mediante la generaci\u00f3n de empleo.<\/p>\n\n\n\n<p>\u201cLas obras con todo, activar la construcci\u00f3n lo m\u00e1s que se pueda porque tambi\u00e9n eso nos genera empleo, nos genera un desarrollo econ\u00f3mico que nos hace falta en Veracruz\u201d.<\/p>\n\n\n\n<p><\/p>\n","protected":false},"excerpt":{"rendered":"<p>Sam Ojeda \/ NV Noticias Xalapa.-&nbsp;Luego de varios meses sin concluirse, carreteras iniciadas desde noviembre y diciembre de 2025 ser\u00e1n finalmente inauguradas esta semana, mientras el Gobierno de Veracruz anunci\u00f3 el arranque de nuevas obras en la zona norte del estado. La gobernadora Roc\u00edo Nahle Garc\u00eda confirm\u00f3 que los trabajos pendientes ya alcanzaron condiciones para [&hellip;]<\/p>\n","protected":false},"author":8,"featured_media":156610,"comment_status":"open","ping_status":"open","sticky":false,"template":"","format":"standard","meta":{"_monsterinsights_skip_tracking":false,"_monsterinsights_sitenote_active":false,"_monsterinsights_sitenote_note":"","_monsterinsights_sitenote_category":0,"footnotes":""},"categories":[156],"tags":[840,2401],"class_list":["post-215658","post","type-post","status-publish","format-standard","has-post-thumbnail","hentry","category-estado","tag-carreteras","tag-inauguracion","wp-image-borders"],"amp_enabled":true,"_links":{"self":[{"href":"https:\/\/nvnoticias.mx\/index.php\/wp-json\/wp\/v2\/posts\/215658","targetHints":{"allow":["GET"]}}],"collection":[{"href":"https:\/\/nvnoticias.mx\/index.php\/wp-json\/wp\/v2\/posts"}],"about":[{"href":"https:\/\/nvnoticias.mx\/index.php\/wp-json\/wp\/v2\/types\/post"}],"author":[{"embeddable":true,"href":"https:\/\/nvnoticias.mx\/index.php\/wp-json\/wp\/v2\/users\/8"}],"replies":[{"embeddable":true,"href":"https:\/\/nvnoticias.mx\/index.php\/wp-json\/wp\/v2\/comments?post=215658"}],"version-history":[{"count":1,"href":"https:\/\/nvnoticias.mx\/index.php\/wp-json\/wp\/v2\/posts\/215658\/revisions"}],"predecessor-version":[{"id":215659,"href":"https:\/\/nvnoticias.mx\/index.php\/wp-json\/wp\/v2\/posts\/215658\/revisions\/215659"}],"wp:featuredmedia":[{"embeddable":true,"href":"https:\/\/nvnoticias.mx\/index.php\/wp-json\/wp\/v2\/media\/156610"}],"wp:attachment":[{"href":"https:\/\/nvnoticias.mx\/index.php\/wp-json\/wp\/v2\/media?parent=215658"}],"wp:term":[{"taxonomy":"category","embeddable":true,"href":"https:\/\/nvnoticias.mx\/index.php\/wp-json\/wp\/v2\/categories?post=215658"},{"taxonomy":"post_tag","embeddable":true,"href":"https:\/\/nvnoticias.mx\/index.php\/wp-json\/wp\/v2\/tags?post=215658"}],"curies":[{"name":"wp","href":"https:\/\/api.w.org\/{rel}","templated":true}]}}