{"id":215653,"date":"2026-04-27T11:37:48","date_gmt":"2026-04-27T17:37:48","guid":{"rendered":"https:\/\/nvnoticias.mx\/?p=215653"},"modified":"2026-04-27T11:37:56","modified_gmt":"2026-04-27T17:37:56","slug":"pacifico-con-temporada-mas-activa-atlantico-se-mantendria-en-promedio-smn","status":"publish","type":"post","link":"https:\/\/nvnoticias.mx\/index.php\/2026\/04\/27\/pacifico-con-temporada-mas-activa-atlantico-se-mantendria-en-promedio-smn\/","title":{"rendered":"Pac\u00edfico con temporada m\u00e1s activa; Atl\u00e1ntico se mantendr\u00eda en promedio: SMN"},"content":{"rendered":"\n<p><\/p>\n\n\n\n<p><strong>Sam Ojeda \/ NV Noticias<\/strong><\/p>\n\n\n\n<p>Xalapa.- El Servicio Meteorol\u00f3gico Nacional prev\u00e9 una temporada de ciclones tropicales con mayor actividad en el oc\u00e9ano Pac\u00edfico y condiciones cercanas al promedio en el Atl\u00e1ntico, inform\u00f3 la jefa de Meteorolog\u00eda del Organismo de Cuenca Golfo Centro de la Conagua, Jessica Luna Lagunes.<\/p>\n\n\n\n<p>Para el Pac\u00edfico se estima la formaci\u00f3n de entre 18 y 21 ciclones tropicales, por encima de la media hist\u00f3rica de 15 sistemas. En contraste, en el Atl\u00e1ntico \u2014que incluye el Golfo de M\u00e9xico y el Mar Caribe\u2014 se proyectan entre 11 y 15 fen\u00f3menos con nombre, dentro del rango habitual, cuyo promedio es de 14.<\/p>\n\n\n\n<p>La temporada iniciar\u00e1 el 15 de mayo en el Pac\u00edfico y el 1 de junio en el Atl\u00e1ntico; en ambos litorales concluir\u00e1 el 30 de noviembre.<\/p>\n\n\n\n<p>La lista de nombres asignados para los sistemas del Atl\u00e1ntico incluye Arthur, Bertha, Crist\u00f3bal, Dolly, Edouard, Fay, Gonzalo, Hanna, Isaias, Josephine, Kyle, Leah, Marco, Nana, Omar, Paulette, Rene, Sally, Teddy, Vicky y Wilfred.<\/p>\n\n\n\n<p>La Comisi\u00f3n Nacional del Agua precis\u00f3 que el pron\u00f3stico es de car\u00e1cter cuantitativo, por lo que no permite anticipar cu\u00e1ntos ciclones impactar\u00e1n territorio nacional ni en qu\u00e9 fechas.<\/p>\n\n\n\n<p>Advirti\u00f3 que, independientemente del n\u00famero de sistemas, un solo cicl\u00f3n puede ocasionar da\u00f1os severos, por lo que el riesgo no depende \u00fanicamente de la cantidad prevista.<\/p>\n\n\n\n<p>Adem\u00e1s de los ciclones tropicales, durante la temporada tambi\u00e9n se presentar\u00e1n ondas tropicales, frentes fr\u00edos y vaguadas, fen\u00f3menos que pueden generar lluvias intensas, crecidas de r\u00edos e inundaciones.<\/p>\n\n\n\n<p>Ante este panorama, la dependencia llam\u00f3 a la poblaci\u00f3n a mantenerse informada a trav\u00e9s de fuentes oficiales durante el desarrollo de la temporada.<\/p>\n\n\n\n<p><\/p>\n","protected":false},"excerpt":{"rendered":"<p>Sam Ojeda \/ NV Noticias Xalapa.- El Servicio Meteorol\u00f3gico Nacional prev\u00e9 una temporada de ciclones tropicales con mayor actividad en el oc\u00e9ano Pac\u00edfico y condiciones cercanas al promedio en el Atl\u00e1ntico, inform\u00f3 la jefa de Meteorolog\u00eda del Organismo de Cuenca Golfo Centro de la Conagua, Jessica Luna Lagunes. Para el Pac\u00edfico se estima la formaci\u00f3n [&hellip;]<\/p>\n","protected":false},"author":8,"featured_media":72921,"comment_status":"open","ping_status":"open","sticky":false,"template":"","format":"standard","meta":{"_monsterinsights_skip_tracking":false,"_monsterinsights_sitenote_active":false,"_monsterinsights_sitenote_note":"","_monsterinsights_sitenote_category":0,"footnotes":""},"categories":[156],"tags":[5417,180],"class_list":["post-215653","post","type-post","status-publish","format-standard","has-post-thumbnail","hentry","category-estado","tag-ciclones","tag-veracruz","wp-image-borders"],"amp_enabled":true,"_links":{"self":[{"href":"https:\/\/nvnoticias.mx\/index.php\/wp-json\/wp\/v2\/posts\/215653","targetHints":{"allow":["GET"]}}],"collection":[{"href":"https:\/\/nvnoticias.mx\/index.php\/wp-json\/wp\/v2\/posts"}],"about":[{"href":"https:\/\/nvnoticias.mx\/index.php\/wp-json\/wp\/v2\/types\/post"}],"author":[{"embeddable":true,"href":"https:\/\/nvnoticias.mx\/index.php\/wp-json\/wp\/v2\/users\/8"}],"replies":[{"embeddable":true,"href":"https:\/\/nvnoticias.mx\/index.php\/wp-json\/wp\/v2\/comments?post=215653"}],"version-history":[{"count":1,"href":"https:\/\/nvnoticias.mx\/index.php\/wp-json\/wp\/v2\/posts\/215653\/revisions"}],"predecessor-version":[{"id":215654,"href":"https:\/\/nvnoticias.mx\/index.php\/wp-json\/wp\/v2\/posts\/215653\/revisions\/215654"}],"wp:featuredmedia":[{"embeddable":true,"href":"https:\/\/nvnoticias.mx\/index.php\/wp-json\/wp\/v2\/media\/72921"}],"wp:attachment":[{"href":"https:\/\/nvnoticias.mx\/index.php\/wp-json\/wp\/v2\/media?parent=215653"}],"wp:term":[{"taxonomy":"category","embeddable":true,"href":"https:\/\/nvnoticias.mx\/index.php\/wp-json\/wp\/v2\/categories?post=215653"},{"taxonomy":"post_tag","embeddable":true,"href":"https:\/\/nvnoticias.mx\/index.php\/wp-json\/wp\/v2\/tags?post=215653"}],"curies":[{"name":"wp","href":"https:\/\/api.w.org\/{rel}","templated":true}]}}