{"id":215650,"date":"2026-04-27T11:33:11","date_gmt":"2026-04-27T17:33:11","guid":{"rendered":"https:\/\/nvnoticias.mx\/?p=215650"},"modified":"2026-04-27T11:33:18","modified_gmt":"2026-04-27T17:33:18","slug":"se-manifiestan-afuera-de-la-telesecundaria-alfonso-reyes","status":"publish","type":"post","link":"https:\/\/nvnoticias.mx\/index.php\/2026\/04\/27\/se-manifiestan-afuera-de-la-telesecundaria-alfonso-reyes\/","title":{"rendered":"Se manifiestan afuera de la\u00a0telesecundaria \u201cAlfonso Reyes\u201d"},"content":{"rendered":"\n<p><\/p>\n\n\n\n<p><strong><span>Jes\u00fas Utrilla<\/span> \/ NV Noticias <\/strong><\/p>\n\n\n\n<p><span>Padres de familia de la telesecundaria \u201cAlfonso Reyes\u201d, ubicada en la colonia El Vergel, denunciaron la falta de docentes y exigieron a la Secretar\u00eda de Educaci\u00f3n de Veracruz la asignaci\u00f3n inmediata de maestros, ante la negativa de continuar cubriendo con recursos propios un servicio que corresponde al Estado.<\/span><\/p>\n\n\n\n<p><span>La se\u00f1ora Karla dijo que la problem\u00e1tica se ha vuelto recurrente cada vez que un profesor se jubila, sin que la autoridad educativa env\u00ede sustitutos.\u00a0<\/span><\/p>\n\n\n\n<p><span>\u201cLa misma situaci\u00f3n se va a volver a repetir. Constantemente se jubila el maestro y la Secretar\u00eda no quiere mandar el recurso. Ya no quiere pagar maestros y quiere que nada m\u00e1s nosotros nos hagamos cargo de los ni\u00f1os que est\u00e1n presentes\u201d.<\/span><\/p>\n\n\n\n<p><span>Ante la ausencia de personal, tuvieron que organizarse para contratar docentes particulares, lo que representa una carga econ\u00f3mica insostenible.\u00a0<\/span><\/p>\n\n\n\n<p><span>Advirtieron que esta falta de cobertura docente est\u00e1 generando una sobrecarga en los grupos, que actualmente alcanzan m\u00e1s de 30 alumnos y podr\u00edan incrementarse hasta 40 por sal\u00f3n si no se atiende la demanda.\u00a0<\/span><\/p>\n\n\n\n<p><span>\u201cLos padres de familia no podemos estar pagando maestros particulares, eso no se vale. Queremos resoluciones, ya estamos hartos de eso. Exigimos una respuesta inmediata por parte de las autoridades educativas\u201d.<\/span><\/p>\n\n\n\n<p><span>Asimismo, denunciaron irregularidades en la asignaci\u00f3n de docentes, ya que algunos maestros fueron enviados desde otras localidades bajo esquemas de pago incompletos, lo que complica su permanencia.\u00a0<\/span><\/p>\n\n\n\n<p><span>\u201cMandaron de otras escuelas y les est\u00e1n pagando el 60 por ciento, incluso tienen que regresar a sus lugares de origen a cobrar. Queremos resoluciones, ya estamos hartos de eso\u201d.<\/span><\/p>\n\n\n\n<p><span>Exigieron a las autoridades educativas en Xalapa para que atiendan la situaci\u00f3n y den una soluci\u00f3n definitiva.<\/span><\/p>\n","protected":false},"excerpt":{"rendered":"<p>Jes\u00fas Utrilla \/ NV Noticias Padres de familia de la telesecundaria \u201cAlfonso Reyes\u201d, ubicada en la colonia El Vergel, denunciaron la falta de docentes y exigieron a la Secretar\u00eda de Educaci\u00f3n de Veracruz la asignaci\u00f3n inmediata de maestros, ante la negativa de continuar cubriendo con recursos propios un servicio que corresponde al Estado. La se\u00f1ora [&hellip;]<\/p>\n","protected":false},"author":8,"featured_media":215651,"comment_status":"open","ping_status":"open","sticky":false,"template":"","format":"standard","meta":{"_monsterinsights_skip_tracking":false,"_monsterinsights_sitenote_active":false,"_monsterinsights_sitenote_note":"","_monsterinsights_sitenote_category":0,"footnotes":""},"categories":[154],"tags":[3579,503],"class_list":["post-215650","post","type-post","status-publish","format-standard","has-post-thumbnail","hentry","category-veracruz","tag-escuela","tag-manifestacion","wp-image-borders"],"amp_enabled":true,"_links":{"self":[{"href":"https:\/\/nvnoticias.mx\/index.php\/wp-json\/wp\/v2\/posts\/215650","targetHints":{"allow":["GET"]}}],"collection":[{"href":"https:\/\/nvnoticias.mx\/index.php\/wp-json\/wp\/v2\/posts"}],"about":[{"href":"https:\/\/nvnoticias.mx\/index.php\/wp-json\/wp\/v2\/types\/post"}],"author":[{"embeddable":true,"href":"https:\/\/nvnoticias.mx\/index.php\/wp-json\/wp\/v2\/users\/8"}],"replies":[{"embeddable":true,"href":"https:\/\/nvnoticias.mx\/index.php\/wp-json\/wp\/v2\/comments?post=215650"}],"version-history":[{"count":1,"href":"https:\/\/nvnoticias.mx\/index.php\/wp-json\/wp\/v2\/posts\/215650\/revisions"}],"predecessor-version":[{"id":215652,"href":"https:\/\/nvnoticias.mx\/index.php\/wp-json\/wp\/v2\/posts\/215650\/revisions\/215652"}],"wp:featuredmedia":[{"embeddable":true,"href":"https:\/\/nvnoticias.mx\/index.php\/wp-json\/wp\/v2\/media\/215651"}],"wp:attachment":[{"href":"https:\/\/nvnoticias.mx\/index.php\/wp-json\/wp\/v2\/media?parent=215650"}],"wp:term":[{"taxonomy":"category","embeddable":true,"href":"https:\/\/nvnoticias.mx\/index.php\/wp-json\/wp\/v2\/categories?post=215650"},{"taxonomy":"post_tag","embeddable":true,"href":"https:\/\/nvnoticias.mx\/index.php\/wp-json\/wp\/v2\/tags?post=215650"}],"curies":[{"name":"wp","href":"https:\/\/api.w.org\/{rel}","templated":true}]}}