{"id":215647,"date":"2026-04-27T11:29:24","date_gmt":"2026-04-27T17:29:24","guid":{"rendered":"https:\/\/nvnoticias.mx\/?p=215647"},"modified":"2026-04-27T11:29:31","modified_gmt":"2026-04-27T17:29:31","slug":"acusan-en-veracruz-dano-patrimonial-por-concesion-de-alumbrado-publico-senalan-a-fernando-yunes","status":"publish","type":"post","link":"https:\/\/nvnoticias.mx\/index.php\/2026\/04\/27\/acusan-en-veracruz-dano-patrimonial-por-concesion-de-alumbrado-publico-senalan-a-fernando-yunes\/","title":{"rendered":"Acusan en Veracruz da\u00f1o patrimonial por concesi\u00f3n de alumbrado p\u00fablico; se\u00f1alan a Fernando Yunes"},"content":{"rendered":"\n<p><\/p>\n\n\n\n<p><strong>Jes\u00fas Utrilla \/ NV Noticias<\/strong><\/p>\n\n\n\n<p>Un presunto adeudo por 2 mil 800 millones de pesos derivado de la concesi\u00f3n del alumbrado p\u00fablico fue se\u00f1alado por la alcaldesa Rosa Mar\u00eda Hern\u00e1ndez Espejo. Responsabiliz\u00f3 al exalcalde y actual diputado local, Fernando Yunes M\u00e1rquez, de haber generado un da\u00f1o patrimonial al municipio.<\/p>\n\n\n\n<p><br>Dijo que en 2017 lo contrataron por 600 millones de pesos y en el 2018 subi\u00f3 a 2 mil 800 millones de pesos.<\/p>\n\n\n\n<p><br>Lo anterior surge luego de que el legislador local advirtiera que el proceso de requisa del servicio debe realizarse dentro del marco legal, ya que podr\u00eda representar riesgos econ\u00f3micos y jur\u00eddicos para el Ayuntamiento y futuras administraciones, al tratarse de un contrato de concesi\u00f3n a\u00fan vigente.<\/p>\n\n\n\n<p><br>Ante ello, Hern\u00e1ndez Espejo sostuvo que su gobierno ya inici\u00f3 el procedimiento legal para retomar el control del servicio concesionado a la empresa Wanderclyffe Veracruz Puerto, precisando que se ha otorgado el derecho de audiencia correspondiente a la compa\u00f1\u00eda.<\/p>\n\n\n\n<p><br>Cabe recordar que el cabildo de Veracruz aprob\u00f3 recientemente la requisa del alumbrado p\u00fablico, lo que permitir\u00e1 suspender pagos mensuales cercanos a los 16 millones de pesos, mientras contin\u00faa el proceso jur\u00eddico para la posible rescisi\u00f3n del contrato y la municipalizaci\u00f3n del servicio.<\/p>\n","protected":false},"excerpt":{"rendered":"<p>Jes\u00fas Utrilla \/ NV Noticias Un presunto adeudo por 2 mil 800 millones de pesos derivado de la concesi\u00f3n del alumbrado p\u00fablico fue se\u00f1alado por la alcaldesa Rosa Mar\u00eda Hern\u00e1ndez Espejo. Responsabiliz\u00f3 al exalcalde y actual diputado local, Fernando Yunes M\u00e1rquez, de haber generado un da\u00f1o patrimonial al municipio. Dijo que en 2017 lo contrataron [&hellip;]<\/p>\n","protected":false},"author":8,"featured_media":215648,"comment_status":"open","ping_status":"open","sticky":false,"template":"","format":"standard","meta":{"_monsterinsights_skip_tracking":false,"_monsterinsights_sitenote_active":false,"_monsterinsights_sitenote_note":"","_monsterinsights_sitenote_category":0,"footnotes":""},"categories":[154],"tags":[4395,1511,1185,31813],"class_list":["post-215647","post","type-post","status-publish","format-standard","has-post-thumbnail","hentry","category-veracruz","tag-alumbrado-publico","tag-dano-patrimonial","tag-fernando-yunes-marquez","tag-rosa-maria-hernandez-espejo","wp-image-borders"],"amp_enabled":true,"_links":{"self":[{"href":"https:\/\/nvnoticias.mx\/index.php\/wp-json\/wp\/v2\/posts\/215647","targetHints":{"allow":["GET"]}}],"collection":[{"href":"https:\/\/nvnoticias.mx\/index.php\/wp-json\/wp\/v2\/posts"}],"about":[{"href":"https:\/\/nvnoticias.mx\/index.php\/wp-json\/wp\/v2\/types\/post"}],"author":[{"embeddable":true,"href":"https:\/\/nvnoticias.mx\/index.php\/wp-json\/wp\/v2\/users\/8"}],"replies":[{"embeddable":true,"href":"https:\/\/nvnoticias.mx\/index.php\/wp-json\/wp\/v2\/comments?post=215647"}],"version-history":[{"count":1,"href":"https:\/\/nvnoticias.mx\/index.php\/wp-json\/wp\/v2\/posts\/215647\/revisions"}],"predecessor-version":[{"id":215649,"href":"https:\/\/nvnoticias.mx\/index.php\/wp-json\/wp\/v2\/posts\/215647\/revisions\/215649"}],"wp:featuredmedia":[{"embeddable":true,"href":"https:\/\/nvnoticias.mx\/index.php\/wp-json\/wp\/v2\/media\/215648"}],"wp:attachment":[{"href":"https:\/\/nvnoticias.mx\/index.php\/wp-json\/wp\/v2\/media?parent=215647"}],"wp:term":[{"taxonomy":"category","embeddable":true,"href":"https:\/\/nvnoticias.mx\/index.php\/wp-json\/wp\/v2\/categories?post=215647"},{"taxonomy":"post_tag","embeddable":true,"href":"https:\/\/nvnoticias.mx\/index.php\/wp-json\/wp\/v2\/tags?post=215647"}],"curies":[{"name":"wp","href":"https:\/\/api.w.org\/{rel}","templated":true}]}}