{"id":215642,"date":"2026-04-27T12:12:06","date_gmt":"2026-04-27T18:12:06","guid":{"rendered":"https:\/\/nvnoticias.mx\/?p=215642"},"modified":"2026-04-27T12:12:14","modified_gmt":"2026-04-27T18:12:14","slug":"ariadna-montiel-sera-quien-decida-si-se-va-a-dirigir-morena-o-sigue-en-el-gobierno-sheinbaum","status":"publish","type":"post","link":"https:\/\/nvnoticias.mx\/index.php\/2026\/04\/27\/ariadna-montiel-sera-quien-decida-si-se-va-a-dirigir-morena-o-sigue-en-el-gobierno-sheinbaum\/","title":{"rendered":"Ariadna Montiel ser\u00e1 quien decida si se va a dirigir Morena o sigue en el gobierno: Sheinbaum"},"content":{"rendered":"\n<p>La presidenta Claudia Sheinbaum dijo que, aun cuando la secretaria del Bienestar Ariadna Montiel la acompa\u00f1\u00f3 a lo largo de su gira por Hidalgo, no le coment\u00f3 nada sobre su posible inter\u00e9s de encabezar la dirigencia de Morena. En su caso, ya lo tiene que informar ella en su momento, si es que toma la determinaci\u00f3n de dejar el gobierno para irse al partido, se\u00f1al\u00f3.&nbsp;<\/p>\n\n\n\n<p>-\u00bfYa est\u00e1 barajando nombres sobre su sustituto?<\/p>\n\n\n\n<p>-Tiempo al tiempo, respondi\u00f3 Sheinbaum.<\/p>\n\n\n\n<p>Fuente: La <a href=\"https:\/\/www.jornada.com.mx\/noticia\/2026\/04\/27\/politica\/ariadna-montiel-sera-quien-decida-si-se-va-a-dirigir-morena-o-sigue-en-el-gobierno-sheinbaum\">Jornada<\/a><\/p>\n","protected":false},"excerpt":{"rendered":"<p>La presidenta Claudia Sheinbaum dijo que, aun cuando la secretaria del Bienestar Ariadna Montiel la acompa\u00f1\u00f3 a lo largo de su gira por Hidalgo, no le coment\u00f3 nada sobre su posible inter\u00e9s de encabezar la dirigencia de Morena. En su caso, ya lo tiene que informar ella en su momento, si es que toma la [&hellip;]<\/p>\n","protected":false},"author":35,"featured_media":215670,"comment_status":"open","ping_status":"open","sticky":false,"template":"","format":"standard","meta":{"_monsterinsights_skip_tracking":false,"_monsterinsights_sitenote_active":false,"_monsterinsights_sitenote_note":"","_monsterinsights_sitenote_category":0,"footnotes":""},"categories":[158],"tags":[2801,252],"class_list":["post-215642","post","type-post","status-publish","format-standard","has-post-thumbnail","hentry","category-politica","tag-claudia-sheinbaum","tag-morena","wp-image-borders"],"amp_enabled":true,"_links":{"self":[{"href":"https:\/\/nvnoticias.mx\/index.php\/wp-json\/wp\/v2\/posts\/215642","targetHints":{"allow":["GET"]}}],"collection":[{"href":"https:\/\/nvnoticias.mx\/index.php\/wp-json\/wp\/v2\/posts"}],"about":[{"href":"https:\/\/nvnoticias.mx\/index.php\/wp-json\/wp\/v2\/types\/post"}],"author":[{"embeddable":true,"href":"https:\/\/nvnoticias.mx\/index.php\/wp-json\/wp\/v2\/users\/35"}],"replies":[{"embeddable":true,"href":"https:\/\/nvnoticias.mx\/index.php\/wp-json\/wp\/v2\/comments?post=215642"}],"version-history":[{"count":4,"href":"https:\/\/nvnoticias.mx\/index.php\/wp-json\/wp\/v2\/posts\/215642\/revisions"}],"predecessor-version":[{"id":215669,"href":"https:\/\/nvnoticias.mx\/index.php\/wp-json\/wp\/v2\/posts\/215642\/revisions\/215669"}],"wp:featuredmedia":[{"embeddable":true,"href":"https:\/\/nvnoticias.mx\/index.php\/wp-json\/wp\/v2\/media\/215670"}],"wp:attachment":[{"href":"https:\/\/nvnoticias.mx\/index.php\/wp-json\/wp\/v2\/media?parent=215642"}],"wp:term":[{"taxonomy":"category","embeddable":true,"href":"https:\/\/nvnoticias.mx\/index.php\/wp-json\/wp\/v2\/categories?post=215642"},{"taxonomy":"post_tag","embeddable":true,"href":"https:\/\/nvnoticias.mx\/index.php\/wp-json\/wp\/v2\/tags?post=215642"}],"curies":[{"name":"wp","href":"https:\/\/api.w.org\/{rel}","templated":true}]}}