{"id":215629,"date":"2026-04-27T10:12:00","date_gmt":"2026-04-27T16:12:00","guid":{"rendered":"https:\/\/nvnoticias.mx\/?p=215629"},"modified":"2026-04-27T10:12:08","modified_gmt":"2026-04-27T16:12:08","slug":"paris-jackson-critica-michael-la-pelicula-sobre-su-padre","status":"publish","type":"post","link":"https:\/\/nvnoticias.mx\/index.php\/2026\/04\/27\/paris-jackson-critica-michael-la-pelicula-sobre-su-padre\/","title":{"rendered":"Paris Jackson critica \u2018Michael\u2019, la pel\u00edcula sobre su padre"},"content":{"rendered":"\n<p>Han pasado casi 17 a\u00f1os desde que,\u00a0en junio de 2009, falleci\u00f3 el rey del pop, Michael Jackson, uno de los cantantes m\u00e1s reconocidos del mundo. <br><\/p>\n\n\n\n<p>Hay episodios de su vida que no se cuenta en el\u00a0biopic\u00a0<em>Michael<\/em>, protgonizado por\u00a0Jaafar Jackson, sobrino del cantante. Al respecto se ha pronunciado\u00a0Paris Jackson (California, 28 a\u00f1os), la hija que tuvo con su segunda esposa, Debborah Rowe.<\/p>\n\n\n\n<blockquote class=\"wp-block-quote is-layout-flow wp-block-quote-is-layout-flow\">\n<p> \u201cEs Hollywood, as\u00ed que esto es\u00a0<em>fantasyland,<\/em>\u00a0no es real, pero te lo venden como si fuera real. La narrativa est\u00e1 siendo controlada. Hay muchas inexactitudes y hay muchas mentiras&#8221;, ha dicho sobre la pel\u00edcula en un v\u00eddeo en sus redes sociales.<\/p>\n<\/blockquote>\n\n\n\n<p>La modelo y cantante ha querido explicar por qu\u00e9 no ha participado en la cinta sobre su padre:<\/p>\n\n\n\n<blockquote class=\"wp-block-quote is-layout-flow wp-block-quote-is-layout-flow\">\n<p> \u201cLa gente est\u00e1 diciendo: \u2018Ella odia a su pap\u00e1. Lo resiente. No quiere nada que ver con \u00e9l\u2019 porque no estoy tomando decisiones en el set, ni siendo la gran productora de una pel\u00edcula que est\u00e1 llena de inexactitudes. Esa no es mi verdad\u201d, comienza\u00a0Paris Jackson.<\/p>\n<\/blockquote>\n\n\n\n<blockquote class=\"wp-block-quote is-layout-flow wp-block-quote-is-layout-flow\">\n<p> \u201cPrefiero la honestidad antes que la ventas o el beneficio econ\u00f3mico\u201d, contin\u00faa sus explicaciones sobre un biopic que se estren\u00f3 la semana pasada y est\u00e1 siendo un \u00e9xito de taquilla: en su primer fin de semana ha recaudado 217 millones de d\u00f3lares en taquilla,<a href=\"https:\/\/variety.com\/2026\/film\/box-office\/michael-box-office-opening-weekend-record-1236730805\/\" target=\"_blank\" rel=\"noreferrer noopener\">\u00a0seg\u00fan el medio especializado\u00a0<em>Variety<\/em>.<\/a><\/p>\n<\/blockquote>\n\n\n\n<p>Muchos de los hermanos del cantante figuran como productores ejecutivos de la pel\u00edcula de Michael Jackson, aunque Paris y Janet Jackson se han quedado fuera. <br><\/p>\n\n\n\n<blockquote class=\"wp-block-quote is-layout-flow wp-block-quote-is-layout-flow\">\n<p>\u201cSolo quiero aclarar que no estuve involucrada para nada. Aparte de dar\u00a0<em>feedback\u00a0<\/em>sobre el primer borrador y despu\u00e9s recibir un \u2018en realidad no vamos a abordar tus notas en absoluto\u2019. As\u00ed que simplemente me sal\u00ed porque no es mi proyecto\u201d, asegura en el v\u00eddeo. Y a\u00f1ade: \u201cAl final del d\u00eda, eso no va conmigo. No me gusta la deshonestidad. Alc\u00e9 la voz, no fui escuchada y me fui. Eso es todo\u201d.<\/p>\n<\/blockquote>\n\n\n\n<blockquote class=\"wp-block-quote is-layout-flow wp-block-quote-is-layout-flow\">\n<p>\u201cLa raz\u00f3n por la que no hab\u00eda dicho nada hasta ahora es porque s\u00e9 que muchos de ustedes van a estar felices con esto. La pel\u00edcula est\u00e1 dirigida a una secci\u00f3n muy espec\u00edfica del\u00a0<em>fandom<\/em>\u00a0de mi padre que a\u00fan vive en una fantas\u00eda. Y van a estar felices con eso&#8221;, explica la cantante, que ha retomado su carrera y que en marzo lanz\u00f3 el sencillo\u00a0<em>zombies in love<\/em>.\u00a0<br><\/p>\n<\/blockquote>\n\n\n\n<p>Janet Jackson\u00a0tampoco quiso participar en la pel\u00edcula, aunque ella no ha explicado las razones. Fue su hermana LaToya quien asegur\u00f3 en una entrevista con<em>\u00a0Variety<\/em>\u00a0que la cantante \u201camablemente rechaz\u00f3\u201d aparecer en\u00a0<em>Michael.<\/em><\/p>\n","protected":false},"excerpt":{"rendered":"<p>Han pasado casi 17 a\u00f1os desde que,\u00a0en junio de 2009, falleci\u00f3 el rey del pop, Michael Jackson, uno de los cantantes m\u00e1s reconocidos del mundo. Hay episodios de su vida que no se cuenta en el\u00a0biopic\u00a0Michael, protgonizado por\u00a0Jaafar Jackson, sobrino del cantante. Al respecto se ha pronunciado\u00a0Paris Jackson (California, 28 a\u00f1os), la hija que tuvo [&hellip;]<\/p>\n","protected":false},"author":35,"featured_media":215634,"comment_status":"open","ping_status":"open","sticky":false,"template":"","format":"standard","meta":{"_monsterinsights_skip_tracking":false,"_monsterinsights_sitenote_active":false,"_monsterinsights_sitenote_note":"","_monsterinsights_sitenote_category":0,"footnotes":""},"categories":[576],"tags":[33308,9584,30219],"class_list":["post-215629","post","type-post","status-publish","format-standard","has-post-thumbnail","hentry","category-ocio","tag-michael","tag-michael-jackson","tag-paris-jackson","wp-image-borders"],"amp_enabled":true,"_links":{"self":[{"href":"https:\/\/nvnoticias.mx\/index.php\/wp-json\/wp\/v2\/posts\/215629","targetHints":{"allow":["GET"]}}],"collection":[{"href":"https:\/\/nvnoticias.mx\/index.php\/wp-json\/wp\/v2\/posts"}],"about":[{"href":"https:\/\/nvnoticias.mx\/index.php\/wp-json\/wp\/v2\/types\/post"}],"author":[{"embeddable":true,"href":"https:\/\/nvnoticias.mx\/index.php\/wp-json\/wp\/v2\/users\/35"}],"replies":[{"embeddable":true,"href":"https:\/\/nvnoticias.mx\/index.php\/wp-json\/wp\/v2\/comments?post=215629"}],"version-history":[{"count":5,"href":"https:\/\/nvnoticias.mx\/index.php\/wp-json\/wp\/v2\/posts\/215629\/revisions"}],"predecessor-version":[{"id":215635,"href":"https:\/\/nvnoticias.mx\/index.php\/wp-json\/wp\/v2\/posts\/215629\/revisions\/215635"}],"wp:featuredmedia":[{"embeddable":true,"href":"https:\/\/nvnoticias.mx\/index.php\/wp-json\/wp\/v2\/media\/215634"}],"wp:attachment":[{"href":"https:\/\/nvnoticias.mx\/index.php\/wp-json\/wp\/v2\/media?parent=215629"}],"wp:term":[{"taxonomy":"category","embeddable":true,"href":"https:\/\/nvnoticias.mx\/index.php\/wp-json\/wp\/v2\/categories?post=215629"},{"taxonomy":"post_tag","embeddable":true,"href":"https:\/\/nvnoticias.mx\/index.php\/wp-json\/wp\/v2\/tags?post=215629"}],"curies":[{"name":"wp","href":"https:\/\/api.w.org\/{rel}","templated":true}]}}