{"id":215616,"date":"2026-04-27T10:01:09","date_gmt":"2026-04-27T16:01:09","guid":{"rendered":"https:\/\/nvnoticias.mx\/?p=215616"},"modified":"2026-04-27T10:01:17","modified_gmt":"2026-04-27T16:01:17","slug":"sre-analiza-nueva-normativa-para-regular-uso-de-sedes-diplomaticas-sheinbaum","status":"publish","type":"post","link":"https:\/\/nvnoticias.mx\/index.php\/2026\/04\/27\/sre-analiza-nueva-normativa-para-regular-uso-de-sedes-diplomaticas-sheinbaum\/","title":{"rendered":"SRE analiza nueva normativa para regular uso de sedes diplom\u00e1ticas: Sheinbaum"},"content":{"rendered":"\n<p>Ante la pol\u00e9mica que caus\u00f3 la estancia del hijo de Marcelo Ebrard Casaub\u00f3n en la residencia de la embajada de M\u00e9xico en Reino Unido al menos por seis meses, en el periodo que el hoy secretario de Econom\u00eda fue canciller, la presidenta Claudia Sheinbaum Pardo inform\u00f3 que la Secretar\u00eda de Relaciones Exteriores (SRE) analiza el crear una normativa a fin de dejar claro el uso que se puede dar a las sedes diplom\u00e1ticas, \u201cpara que no est\u00e9 sujeto a interpretaci\u00f3n\u201d.<\/p>\n\n\n\n<p>A una nueva pregunta sobre este caso en la ma\u00f1anera de este lunes, la mandataria federal reiter\u00f3 que se debe esperar adem\u00e1s a la investigaci\u00f3n que realiza la Secretar\u00eda Anticorrupci\u00f3n y Buen Gobierno (SABG) para conocer si con esa situaci\u00f3n el ex canciller viol\u00f3 alguna normativa.<\/p>\n\n\n\n<p>\u201cMe parece que es muy importante, lo hablamos con el secretario de Relaciones Exteriores, Roberto Velasco, me coment\u00f3 que no hay una regulaci\u00f3n particular sobre estos temas, no hay normas establecidas sobre estos temas. Es importante que la Secretar\u00eda establezca normas: \u00bfCu\u00e1l es la norma para la utilizaci\u00f3n de las embajadas?<\/p>\n\n\n\n<p>\u201cEs muy importante que quede muy claro los consulados de M\u00e9xico en el exterior qu\u00e9 normas deben seguir los embajadores, el secretario Relaciones Exteriores o cualquier otro secretario que quiera hacer uso de una embajada, para que no est\u00e9 sujeto a ninguna interpretaci\u00f3n. En eso est\u00e1 trabajando el secretario de Relaciones Exteriores con esa comisi\u00f3n\u201d.<\/p>\n\n\n\n<p>La jefa del Ejecutivo no dej\u00f3 pasar la oportunidad para destacar, pese a esa pol\u00e9mica, el trabajo de Ebrard al frente de la Secretar\u00eda de Econom\u00eda.<\/p>\n\n\n\n<p>\u201cEso es independiente del buen trabajo que est\u00e1 haciendo Ebrard y su equipo al frente de la Secretar\u00eda de Econom\u00eda\u201d.<\/p>\n\n\n\n<p>Fuente: La <a href=\"https:\/\/www.jornada.com.mx\/noticia\/2026\/04\/27\/politica\/sre-analiza-nueva-normativa-para-regular-uso-de-sedes-diplomaticas-sheinbaum\">Jornada<\/a><\/p>\n","protected":false},"excerpt":{"rendered":"<p>Ante la pol\u00e9mica que caus\u00f3 la estancia del hijo de Marcelo Ebrard Casaub\u00f3n en la residencia de la embajada de M\u00e9xico en Reino Unido al menos por seis meses, en el periodo que el hoy secretario de Econom\u00eda fue canciller, la presidenta Claudia Sheinbaum Pardo inform\u00f3 que la Secretar\u00eda de Relaciones Exteriores (SRE) analiza el [&hellip;]<\/p>\n","protected":false},"author":35,"featured_media":215620,"comment_status":"open","ping_status":"open","sticky":false,"template":"","format":"standard","meta":{"_monsterinsights_skip_tracking":false,"_monsterinsights_sitenote_active":false,"_monsterinsights_sitenote_note":"","_monsterinsights_sitenote_category":0,"footnotes":""},"categories":[158],"tags":[2801,162,5627],"class_list":["post-215616","post","type-post","status-publish","format-standard","has-post-thumbnail","hentry","category-politica","tag-claudia-sheinbaum","tag-portada","tag-sre","wp-image-borders"],"amp_enabled":true,"_links":{"self":[{"href":"https:\/\/nvnoticias.mx\/index.php\/wp-json\/wp\/v2\/posts\/215616","targetHints":{"allow":["GET"]}}],"collection":[{"href":"https:\/\/nvnoticias.mx\/index.php\/wp-json\/wp\/v2\/posts"}],"about":[{"href":"https:\/\/nvnoticias.mx\/index.php\/wp-json\/wp\/v2\/types\/post"}],"author":[{"embeddable":true,"href":"https:\/\/nvnoticias.mx\/index.php\/wp-json\/wp\/v2\/users\/35"}],"replies":[{"embeddable":true,"href":"https:\/\/nvnoticias.mx\/index.php\/wp-json\/wp\/v2\/comments?post=215616"}],"version-history":[{"count":4,"href":"https:\/\/nvnoticias.mx\/index.php\/wp-json\/wp\/v2\/posts\/215616\/revisions"}],"predecessor-version":[{"id":215621,"href":"https:\/\/nvnoticias.mx\/index.php\/wp-json\/wp\/v2\/posts\/215616\/revisions\/215621"}],"wp:featuredmedia":[{"embeddable":true,"href":"https:\/\/nvnoticias.mx\/index.php\/wp-json\/wp\/v2\/media\/215620"}],"wp:attachment":[{"href":"https:\/\/nvnoticias.mx\/index.php\/wp-json\/wp\/v2\/media?parent=215616"}],"wp:term":[{"taxonomy":"category","embeddable":true,"href":"https:\/\/nvnoticias.mx\/index.php\/wp-json\/wp\/v2\/categories?post=215616"},{"taxonomy":"post_tag","embeddable":true,"href":"https:\/\/nvnoticias.mx\/index.php\/wp-json\/wp\/v2\/tags?post=215616"}],"curies":[{"name":"wp","href":"https:\/\/api.w.org\/{rel}","templated":true}]}}