{"id":215609,"date":"2026-04-27T09:58:09","date_gmt":"2026-04-27T15:58:09","guid":{"rendered":"https:\/\/nvnoticias.mx\/?p=215609"},"modified":"2026-04-27T09:58:16","modified_gmt":"2026-04-27T15:58:16","slug":"ministra-loretta-ortiz-pide-licencia-por-motivos-de-salud","status":"publish","type":"post","link":"https:\/\/nvnoticias.mx\/index.php\/2026\/04\/27\/ministra-loretta-ortiz-pide-licencia-por-motivos-de-salud\/","title":{"rendered":"Ministra Loretta Ortiz pide licencia por motivos de salud"},"content":{"rendered":"\n<p>La ministra Loretta Ortiz Ahlf solicit\u00f3 licencia temporal por motivos de salud a la Suprema Corte de Justicia de la Naci\u00f3n (SCJN), con efectos hasta el pr\u00f3ximo 10 de mayo. Con ello, Ortiz acumular\u00eda casi un mes sin participar en los trabajos jurisdiccionales del alto tribunal.<\/p>\n\n\n\n<p>En una tarjeta informativa, la Corte inform\u00f3 que se le concedi\u00f3 la licencia a la togada por motivos de salud, aunque no especific\u00f3 su padecimiento.<\/p>\n\n\n\n<p>\u201cSe prev\u00e9 que la ministra Ortiz Ahlf se reincorpore a sus funciones en la fecha se\u00f1alada, reiterando su compromiso con las responsabilidades del cargo y con la impartici\u00f3n de justicia. Cualquier actualizaci\u00f3n ser\u00e1 comunicada oportunamente\u201d, se\u00f1al\u00f3.<\/p>\n\n\n\n<p>Ortiz Ahlf se ausent\u00f3 de las sesiones p\u00fablicas del Pleno desde el pasado 15 de abril, sumando hasta hoy siete sesiones en las que no participa.<\/p>\n\n\n\n<p>El Art\u00edculo 98 de la Constituci\u00f3n federal establece que las licencias de las y los ministros, cuando no excedan de un mes, podr\u00e1n ser concedidas por la Corte. Cuando excedan ese plazo, deber\u00e1n justificarse y podr\u00e1n otorgarse sin goce de sueldo por la mayor\u00eda de los miembros presentes del Senado o, en sus recesos, por la Comisi\u00f3n Permanente del Congreso de la Uni\u00f3n. Ninguna licencia podr\u00e1 exceder de un a\u00f1o.<\/p>\n\n\n\n<p>Fuente: La <a href=\"https:\/\/www.jornada.com.mx\/noticia\/2026\/04\/27\/politica\/ministra-loretta-ortiz-pide-licencia-por-motivos-de-salud\">Jornada<\/a><\/p>\n","protected":false},"excerpt":{"rendered":"<p>La ministra Loretta Ortiz Ahlf solicit\u00f3 licencia temporal por motivos de salud a la Suprema Corte de Justicia de la Naci\u00f3n (SCJN), con efectos hasta el pr\u00f3ximo 10 de mayo. Con ello, Ortiz acumular\u00eda casi un mes sin participar en los trabajos jurisdiccionales del alto tribunal. En una tarjeta informativa, la Corte inform\u00f3 que se [&hellip;]<\/p>\n","protected":false},"author":35,"featured_media":215610,"comment_status":"open","ping_status":"open","sticky":false,"template":"","format":"standard","meta":{"_monsterinsights_skip_tracking":false,"_monsterinsights_sitenote_active":false,"_monsterinsights_sitenote_note":"","_monsterinsights_sitenote_category":0,"footnotes":""},"categories":[158],"tags":[8364],"class_list":["post-215609","post","type-post","status-publish","format-standard","has-post-thumbnail","hentry","category-politica","tag-loretta-ortiz","wp-image-borders"],"amp_enabled":true,"_links":{"self":[{"href":"https:\/\/nvnoticias.mx\/index.php\/wp-json\/wp\/v2\/posts\/215609","targetHints":{"allow":["GET"]}}],"collection":[{"href":"https:\/\/nvnoticias.mx\/index.php\/wp-json\/wp\/v2\/posts"}],"about":[{"href":"https:\/\/nvnoticias.mx\/index.php\/wp-json\/wp\/v2\/types\/post"}],"author":[{"embeddable":true,"href":"https:\/\/nvnoticias.mx\/index.php\/wp-json\/wp\/v2\/users\/35"}],"replies":[{"embeddable":true,"href":"https:\/\/nvnoticias.mx\/index.php\/wp-json\/wp\/v2\/comments?post=215609"}],"version-history":[{"count":5,"href":"https:\/\/nvnoticias.mx\/index.php\/wp-json\/wp\/v2\/posts\/215609\/revisions"}],"predecessor-version":[{"id":215615,"href":"https:\/\/nvnoticias.mx\/index.php\/wp-json\/wp\/v2\/posts\/215609\/revisions\/215615"}],"wp:featuredmedia":[{"embeddable":true,"href":"https:\/\/nvnoticias.mx\/index.php\/wp-json\/wp\/v2\/media\/215610"}],"wp:attachment":[{"href":"https:\/\/nvnoticias.mx\/index.php\/wp-json\/wp\/v2\/media?parent=215609"}],"wp:term":[{"taxonomy":"category","embeddable":true,"href":"https:\/\/nvnoticias.mx\/index.php\/wp-json\/wp\/v2\/categories?post=215609"},{"taxonomy":"post_tag","embeddable":true,"href":"https:\/\/nvnoticias.mx\/index.php\/wp-json\/wp\/v2\/tags?post=215609"}],"curies":[{"name":"wp","href":"https:\/\/api.w.org\/{rel}","templated":true}]}}