{"id":215593,"date":"2026-04-27T09:43:36","date_gmt":"2026-04-27T15:43:36","guid":{"rendered":"https:\/\/nvnoticias.mx\/?p=215593"},"modified":"2026-04-27T09:43:46","modified_gmt":"2026-04-27T15:43:46","slug":"esperamos-que-no-vuelva-a-ocurrir-sheinbaum-sobre-pasaportes-con-los-que-ingresaron-agentes-de-eu","status":"publish","type":"post","link":"https:\/\/nvnoticias.mx\/index.php\/2026\/04\/27\/esperamos-que-no-vuelva-a-ocurrir-sheinbaum-sobre-pasaportes-con-los-que-ingresaron-agentes-de-eu\/","title":{"rendered":"Esperamos que no vuelva a ocurrir: Sheinbaum sobre pasaportes con los que ingresaron agentes de EU"},"content":{"rendered":"\n<p>Sobre los\u00a0pasaportes con los que ingresaron los agentes de EU a M\u00e9xico, uno de ellos como turista, la\u00a0<strong>presidenta Sheinbaum<\/strong>\u00a0dijo que en cualquier caso, deb\u00edan informar a la Secretar\u00eda de Relaciones Exteriores (SRE) y despu\u00e9s informar un informe mensual.<\/p>\n\n\n\n<p>\u201cEn el comunicado al embajador y al gobierno de Estados Unidos decimos que trabajamos con muy buena coordinaci\u00f3n y con base en la soberan\u00eda\u201d, agreg\u00f3.&nbsp;<\/p>\n\n\n\n<p>La&nbsp;<strong>presidenta Sheinbaum<\/strong>&nbsp;a\u00f1adi\u00f3 que su gobierno no pretende distanciarse ni del embajador ni de ning\u00fan \u00e1rea de Estados Unidos sino mantener buena relaci\u00f3n.&nbsp;<\/p>\n\n\n\n<p>\u201cQue este sea un caso de excepci\u00f3n<strong>&nbsp;<\/strong>y se cumpla la ley para que no vuelva a ocurrir una relaci\u00f3n como esta. Esperemos que este asunto se aclare y seguir coordinando porque no queremos que haya un conflicto con Estados Unidos\u201d, dijo.<\/p>\n\n\n\n<p>Fuente: La <a href=\"https:\/\/www.elfinanciero.com.mx\/nacional\/2026\/04\/27\/claudia-sheinbaum-mananera-temas-hoy-27-de-abril-de-2026-en-vivo\/\">Jornada<\/a><\/p>\n","protected":false},"excerpt":{"rendered":"<p>Sobre los\u00a0pasaportes con los que ingresaron los agentes de EU a M\u00e9xico, uno de ellos como turista, la\u00a0presidenta Sheinbaum\u00a0dijo que en cualquier caso, deb\u00edan informar a la Secretar\u00eda de Relaciones Exteriores (SRE) y despu\u00e9s informar un informe mensual. \u201cEn el comunicado al embajador y al gobierno de Estados Unidos decimos que trabajamos con muy buena [&hellip;]<\/p>\n","protected":false},"author":35,"featured_media":79599,"comment_status":"open","ping_status":"open","sticky":false,"template":"","format":"standard","meta":{"_monsterinsights_skip_tracking":false,"_monsterinsights_sitenote_active":false,"_monsterinsights_sitenote_note":"","_monsterinsights_sitenote_category":0,"footnotes":""},"categories":[157],"tags":[2801,183,162],"class_list":["post-215593","post","type-post","status-publish","format-standard","has-post-thumbnail","hentry","category-nacional","tag-claudia-sheinbaum","tag-estados-unidos","tag-portada","wp-image-borders"],"amp_enabled":true,"_links":{"self":[{"href":"https:\/\/nvnoticias.mx\/index.php\/wp-json\/wp\/v2\/posts\/215593","targetHints":{"allow":["GET"]}}],"collection":[{"href":"https:\/\/nvnoticias.mx\/index.php\/wp-json\/wp\/v2\/posts"}],"about":[{"href":"https:\/\/nvnoticias.mx\/index.php\/wp-json\/wp\/v2\/types\/post"}],"author":[{"embeddable":true,"href":"https:\/\/nvnoticias.mx\/index.php\/wp-json\/wp\/v2\/users\/35"}],"replies":[{"embeddable":true,"href":"https:\/\/nvnoticias.mx\/index.php\/wp-json\/wp\/v2\/comments?post=215593"}],"version-history":[{"count":3,"href":"https:\/\/nvnoticias.mx\/index.php\/wp-json\/wp\/v2\/posts\/215593\/revisions"}],"predecessor-version":[{"id":215596,"href":"https:\/\/nvnoticias.mx\/index.php\/wp-json\/wp\/v2\/posts\/215593\/revisions\/215596"}],"wp:featuredmedia":[{"embeddable":true,"href":"https:\/\/nvnoticias.mx\/index.php\/wp-json\/wp\/v2\/media\/79599"}],"wp:attachment":[{"href":"https:\/\/nvnoticias.mx\/index.php\/wp-json\/wp\/v2\/media?parent=215593"}],"wp:term":[{"taxonomy":"category","embeddable":true,"href":"https:\/\/nvnoticias.mx\/index.php\/wp-json\/wp\/v2\/categories?post=215593"},{"taxonomy":"post_tag","embeddable":true,"href":"https:\/\/nvnoticias.mx\/index.php\/wp-json\/wp\/v2\/tags?post=215593"}],"curies":[{"name":"wp","href":"https:\/\/api.w.org\/{rel}","templated":true}]}}