{"id":215587,"date":"2026-04-27T09:03:15","date_gmt":"2026-04-27T15:03:15","guid":{"rendered":"https:\/\/nvnoticias.mx\/?p=215587"},"modified":"2026-04-27T09:03:26","modified_gmt":"2026-04-27T15:03:26","slug":"sheinbaum-reitera-solidaridad-con-trump","status":"publish","type":"post","link":"https:\/\/nvnoticias.mx\/index.php\/2026\/04\/27\/sheinbaum-reitera-solidaridad-con-trump\/","title":{"rendered":"Sheinbaum reitera solidaridad con Trump"},"content":{"rendered":"\n<p>La presidenta Claudia Sheinbaum Pardo reiter\u00f3 su solidaridad al mandatario de Estados Unidos, Donald Trump, tras el incidente de seguridad ocurrido en la cena anual de corresponsales de la Casa Blanca.<\/p>\n\n\n\n<p>\u201cDebemos estar en contra de la violencia, m\u00e1s la pol\u00edtica. La democracia es la forma de resolver las diferencias, no podemos nunca apoyar un acto as\u00ed\u201d, sostuvo esta ma\u00f1ana en su conferencia en Palacio Nacional a pregunta sobre el suceso.<\/p>\n\n\n\n<p>Apunt\u00f3 que M\u00e9xico, a trav\u00e9s de su persona, fue el primer pa\u00eds que reaccion\u00f3 con un mensaje de solidaridad ante ese evento. \u201cQue bueno que est\u00e1n bien el presidente Trump y su esposa y condenamos este tipo de agresi\u00f3n\u201d.\u00a0<br><\/p>\n\n\n\n<p>Fuente: La <a href=\"https:\/\/www.jornada.com.mx\/noticia\/2026\/04\/27\/politica\/sheinbaum-reitera-su-condena-a-incidente-de-seguridad-en-cena-de-corresponsales-de-la-casa-blanca\">Jornada<\/a><\/p>\n","protected":false},"excerpt":{"rendered":"<p>La presidenta Claudia Sheinbaum Pardo reiter\u00f3 su solidaridad al mandatario de Estados Unidos, Donald Trump, tras el incidente de seguridad ocurrido en la cena anual de corresponsales de la Casa Blanca. \u201cDebemos estar en contra de la violencia, m\u00e1s la pol\u00edtica. La democracia es la forma de resolver las diferencias, no podemos nunca apoyar un [&hellip;]<\/p>\n","protected":false},"author":35,"featured_media":215591,"comment_status":"open","ping_status":"open","sticky":false,"template":"","format":"standard","meta":{"_monsterinsights_skip_tracking":false,"_monsterinsights_sitenote_active":false,"_monsterinsights_sitenote_note":"","_monsterinsights_sitenote_category":0,"footnotes":""},"categories":[158],"tags":[2801,230,162],"class_list":["post-215587","post","type-post","status-publish","format-standard","has-post-thumbnail","hentry","category-politica","tag-claudia-sheinbaum","tag-donald-trump","tag-portada","wp-image-borders"],"amp_enabled":true,"_links":{"self":[{"href":"https:\/\/nvnoticias.mx\/index.php\/wp-json\/wp\/v2\/posts\/215587","targetHints":{"allow":["GET"]}}],"collection":[{"href":"https:\/\/nvnoticias.mx\/index.php\/wp-json\/wp\/v2\/posts"}],"about":[{"href":"https:\/\/nvnoticias.mx\/index.php\/wp-json\/wp\/v2\/types\/post"}],"author":[{"embeddable":true,"href":"https:\/\/nvnoticias.mx\/index.php\/wp-json\/wp\/v2\/users\/35"}],"replies":[{"embeddable":true,"href":"https:\/\/nvnoticias.mx\/index.php\/wp-json\/wp\/v2\/comments?post=215587"}],"version-history":[{"count":4,"href":"https:\/\/nvnoticias.mx\/index.php\/wp-json\/wp\/v2\/posts\/215587\/revisions"}],"predecessor-version":[{"id":215592,"href":"https:\/\/nvnoticias.mx\/index.php\/wp-json\/wp\/v2\/posts\/215587\/revisions\/215592"}],"wp:featuredmedia":[{"embeddable":true,"href":"https:\/\/nvnoticias.mx\/index.php\/wp-json\/wp\/v2\/media\/215591"}],"wp:attachment":[{"href":"https:\/\/nvnoticias.mx\/index.php\/wp-json\/wp\/v2\/media?parent=215587"}],"wp:term":[{"taxonomy":"category","embeddable":true,"href":"https:\/\/nvnoticias.mx\/index.php\/wp-json\/wp\/v2\/categories?post=215587"},{"taxonomy":"post_tag","embeddable":true,"href":"https:\/\/nvnoticias.mx\/index.php\/wp-json\/wp\/v2\/tags?post=215587"}],"curies":[{"name":"wp","href":"https:\/\/api.w.org\/{rel}","templated":true}]}}