{"id":215577,"date":"2026-04-27T08:37:47","date_gmt":"2026-04-27T14:37:47","guid":{"rendered":"https:\/\/nvnoticias.mx\/?p=215577"},"modified":"2026-04-27T08:37:54","modified_gmt":"2026-04-27T14:37:54","slug":"infancias-rotas-y-el-feminicidio","status":"publish","type":"post","link":"https:\/\/nvnoticias.mx\/index.php\/2026\/04\/27\/infancias-rotas-y-el-feminicidio\/","title":{"rendered":"Infancias rotas y el feminicidio"},"content":{"rendered":"\n<p><\/p>\n\n\n\n<p><strong>Gladys P\u00e9rez Maldonado.<\/strong><\/p>\n\n\n\n<p>En M\u00e9xico, el discurso oficial insiste en avances, consistentes en m\u00e1s leyes, m\u00e1s protocolos, m\u00e1s declaraciones de cero tolerancia, entre otros. Pero hay una verdad inc\u00f3moda que se esquiva sistem\u00e1ticamente, el Estado no ha sido capaz de hacerse cargo de las consecuencias m\u00e1s profundas del <em>feminicidio<\/em>. Entre ellas, la m\u00e1s dolorosa y menos atendida, esto es, las hijas e hijos de las mujeres asesinadas.<\/p>\n\n\n\n<p>No son una estad\u00edstica menor. Son el rastro vivo de la violencia. Son la evidencia de que cada feminicidio no termina con la muerte de una mujer, sino que se prolonga en vidas marcadas por el abandono institucional.<\/p>\n\n\n\n<p>El caso de <em>Carolina Flores<\/em> lo expone con crudeza. Tras su asesinato, la conversaci\u00f3n p\u00fablica se centr\u00f3 \u2014como suele ocurrir\u2014 en el horror del crimen, la exigencia de justicia y la actuaci\u00f3n de las autoridades. Pero r\u00e1pidamente se desvaneci\u00f3 una pregunta esencial: \u00bfqu\u00e9 pas\u00f3 con su hijo? \u00bfQui\u00e9n se hizo cargo de \u00e9l? \u00bfQu\u00e9 acompa\u00f1amiento real recibir\u00e1 m\u00e1s all\u00e1 de promesas y declaraciones? \u00bfEl esposo de la v\u00edctima y padre del menor encubri\u00f3 a la feminicida, que resulta ser su propia madre?<\/p>\n\n\n\n<p>La respuesta, en la mayor\u00eda de los casos, es inc\u00f3moda, no se sabe.<\/p>\n\n\n\n<p>M\u00e9xico carece de un padr\u00f3n nacional confiable que permita saber con certeza cu\u00e1ntos ni\u00f1os y ni\u00f1as han quedado en orfandad por feminicidio. Las cifras disponibles son fragmentadas, dispersas y, en muchos casos, subestimadas. Esta omisi\u00f3n no es menor, lo que no se nombra no se atiende. Y lo que no se mide, pol\u00edticamente, no existe.<\/p>\n\n\n\n<p>El marco legal parece s\u00f3lido en el papel. La Ley General de V\u00edctimas reconoce a estos menores como v\u00edctimas indirectas, con derecho a reparaci\u00f3n integral, &nbsp;atenci\u00f3n psicol\u00f3gica, apoyo econ\u00f3mico, acceso a la educaci\u00f3n, medidas de protecci\u00f3n. Algunos estados incluso han creado programas espec\u00edficos. Sin embargo, en la pr\u00e1ctica, estos derechos se diluyen en tr\u00e1mites interminables, criterios discrecionales y una burocracia que revictimiza.<\/p>\n\n\n\n<p>Aqu\u00ed es donde el discurso gubernamental se rompe.<\/p>\n\n\n\n<p>Porque no basta con reconocer derechos si no hay mecanismos eficaces para garantizarlos. No basta con anunciar apoyos si estos no llegan de manera oportuna ni sostenida, y no basta con condenar el feminicidio si se ignoran sus efectos m\u00e1s devastadores.<\/p>\n\n\n\n<p>La realidad es que muchos de estos ni\u00f1os terminan bajo el cuidado de familiares, generalmente las y los abuelos, que asumen la responsabilidad sin respaldo econ\u00f3mico ni institucional. Otros enfrentan el desarraigo, la pobreza o la institucionalizaci\u00f3n. Y algunos m\u00e1s crecen con una carga emocional que el sistema de salud mental p\u00fablico simplemente no est\u00e1 preparado para atender.<\/p>\n\n\n\n<p>M\u00e1s grave a\u00fan, en numerosos casos, el agresor es el padre. Esto no solo implica la p\u00e9rdida de la madre, sino la ruptura total del entorno familiar. El Estado, entonces, no solo llega tarde; llega mal.<\/p>\n\n\n\n<p>La narrativa oficial ha apostado por fortalecer la tipificaci\u00f3n y persecuci\u00f3n del feminicidio, lo cual es necesario pero insuficiente. Se ha centrado en el castigo, pero ha descuidado la reparaci\u00f3n. Ha puesto el foco en la v\u00edctima directa, pero ha ignorado a quienes sobreviven.<\/p>\n\n\n\n<p>Y ah\u00ed radica el problema de fondo, la pol\u00edtica p\u00fablica en M\u00e9xico sigue siendo reactiva, fragmentada y, en muchos casos, simb\u00f3lica. Se responde al esc\u00e1ndalo medi\u00e1tico, pero no se construyen sistemas s\u00f3lidos de atenci\u00f3n a largo plazo.<\/p>\n\n\n\n<p>El caso de Carolina Flores no es una excepci\u00f3n. Es un espejo. Refleja un patr\u00f3n donde la indignaci\u00f3n dura lo que dura la noticia, mientras las consecuencias permanecen en silencio.<\/p>\n\n\n\n<p>Si el gobierno realmente quisiera enfrentar el feminicidio como una crisis estructural, empezar\u00eda por reconocer a estos menores como una prioridad nacional. Crear\u00eda un registro \u00fanico, garantizar\u00eda apoyos autom\u00e1ticos y universales, y establecer\u00eda un sistema de acompa\u00f1amiento psicol\u00f3gico y social de largo plazo. Pero eso implica algo m\u00e1s que voluntad pol\u00edtica, implica asumir costos, responsabilidades y, sobre todo, abandonar la simulaci\u00f3n.<\/p>\n\n\n\n<p>Porque mientras eso no ocurra, cada feminicidio seguir\u00e1 dejando una estela de infancias rotas que el Estado administra, con indiferencia, como da\u00f1os colaterales.<\/p>\n\n\n\n<p>El gobierno puede seguir presumiendo cifras, reformas y discursos. Pero mientras no mire de frente a las y los hijos del feminicidio, su pol\u00edtica seguir\u00e1 siendo, en el fondo, una forma de abandono institucionalizado.<\/p>\n\n\n\n<p>Si el Estado insiste en mirar hacia otro lado, entonces hay que decirlo sin rodeos, M\u00e9xico no solo&nbsp; est\u00e1 fallando en prevenir el <em>feminicidio<\/em>,&nbsp; est\u00e1 fallando en proteger el futuro, &nbsp;porque cada ni\u00f1a y ni\u00f1o que crece en el abandono tras la muerte de su madre es una evidencia viva de la incapacidad gubernamental para sostener la vida despu\u00e9s de la violencia. No son da\u00f1os colaterales, son responsabilidades directas. Mientras el gobierno contin\u00fae administrando estas tragedias con indiferencia, lo que realmente se est\u00e1 normalizando no es solo la violencia contra las mujeres, sino la orfandad como pol\u00edtica p\u00fablica de facto\u2026<\/p>\n","protected":false},"excerpt":{"rendered":"<p>Gladys P\u00e9rez Maldonado. En M\u00e9xico, el discurso oficial insiste en avances, consistentes en m\u00e1s leyes, m\u00e1s protocolos, m\u00e1s declaraciones de cero tolerancia, entre otros. Pero hay una verdad inc\u00f3moda que se esquiva sistem\u00e1ticamente, el Estado no ha sido capaz de hacerse cargo de las consecuencias m\u00e1s profundas del feminicidio. Entre ellas, la m\u00e1s dolorosa y [&hellip;]<\/p>\n","protected":false},"author":45,"featured_media":215578,"comment_status":"open","ping_status":"open","sticky":false,"template":"","format":"standard","meta":{"_monsterinsights_skip_tracking":false,"_monsterinsights_sitenote_active":false,"_monsterinsights_sitenote_note":"","_monsterinsights_sitenote_category":0,"footnotes":""},"categories":[15405],"tags":[15415],"class_list":["post-215577","post","type-post","status-publish","format-standard","has-post-thumbnail","hentry","category-alguien-como-tu","tag-gladys-perez-maldonado","wp-image-borders"],"amp_enabled":true,"_links":{"self":[{"href":"https:\/\/nvnoticias.mx\/index.php\/wp-json\/wp\/v2\/posts\/215577","targetHints":{"allow":["GET"]}}],"collection":[{"href":"https:\/\/nvnoticias.mx\/index.php\/wp-json\/wp\/v2\/posts"}],"about":[{"href":"https:\/\/nvnoticias.mx\/index.php\/wp-json\/wp\/v2\/types\/post"}],"author":[{"embeddable":true,"href":"https:\/\/nvnoticias.mx\/index.php\/wp-json\/wp\/v2\/users\/45"}],"replies":[{"embeddable":true,"href":"https:\/\/nvnoticias.mx\/index.php\/wp-json\/wp\/v2\/comments?post=215577"}],"version-history":[{"count":1,"href":"https:\/\/nvnoticias.mx\/index.php\/wp-json\/wp\/v2\/posts\/215577\/revisions"}],"predecessor-version":[{"id":215579,"href":"https:\/\/nvnoticias.mx\/index.php\/wp-json\/wp\/v2\/posts\/215577\/revisions\/215579"}],"wp:featuredmedia":[{"embeddable":true,"href":"https:\/\/nvnoticias.mx\/index.php\/wp-json\/wp\/v2\/media\/215578"}],"wp:attachment":[{"href":"https:\/\/nvnoticias.mx\/index.php\/wp-json\/wp\/v2\/media?parent=215577"}],"wp:term":[{"taxonomy":"category","embeddable":true,"href":"https:\/\/nvnoticias.mx\/index.php\/wp-json\/wp\/v2\/categories?post=215577"},{"taxonomy":"post_tag","embeddable":true,"href":"https:\/\/nvnoticias.mx\/index.php\/wp-json\/wp\/v2\/tags?post=215577"}],"curies":[{"name":"wp","href":"https:\/\/api.w.org\/{rel}","templated":true}]}}