{"id":215574,"date":"2026-04-26T19:15:22","date_gmt":"2026-04-27T01:15:22","guid":{"rendered":"https:\/\/nvnoticias.mx\/?p=215574"},"modified":"2026-04-26T19:15:29","modified_gmt":"2026-04-27T01:15:29","slug":"con-playera-de-la-seleccion-mexicana-pedro-pascal-desata-la-locura-en-la-ccxp-2026","status":"publish","type":"post","link":"https:\/\/nvnoticias.mx\/index.php\/2026\/04\/26\/con-playera-de-la-seleccion-mexicana-pedro-pascal-desata-la-locura-en-la-ccxp-2026\/","title":{"rendered":"Con playera de la Selecci\u00f3n Mexicana, Pedro Pascal desata la locura en la CCXP 2026"},"content":{"rendered":"\n<p><\/p>\n\n\n\n<p>El actor\u00a0<strong>Pedro Pascal<\/strong>\u00a0sorprendi\u00f3 esta tarde al p\u00fablico mexicano al aparecer en el panel de\u00a0<em><strong>The Mandalorian and Grogu<\/strong><\/em>\u00a0durante la \u00faltima jornada de la\u00a0<strong>CCXP M\u00e9xico 2026<\/strong>.<\/p>\n\n\n\n<p>Portando la&nbsp;<strong>playera de la Selecci\u00f3n Mexicana<\/strong>&nbsp;y visiblemente conmovido,&nbsp;<strong>Pascal<\/strong>&nbsp;recibi\u00f3 ovaciones y gritos de cientos de fans que colman el Centro Banamex.<\/p>\n\n\n\n<p>La emoci\u00f3n del p\u00fablico y la respuesta espont\u00e1nea del actor marcaron uno de los momentos m\u00e1s comentados de la convenci\u00f3n.<\/p>\n\n\n\n<p>Pedro Pascal agradece entre l\u00e1grimas y aplausos<\/p>\n\n\n\n<p>El regreso de\u00a0<strong>Star Wars<\/strong>\u00a0a la pantalla grande se vive con intensidad en la\u00a0<strong>CDMX<\/strong>. Desde su llegada al escenario,\u00a0<strong>Pedro Pascal<\/strong>\u00a0fue recibido con ovaciones, celulares en alto y el coro de su nombre. El actor respondi\u00f3 grabando el momento y agradeciendo al p\u00fablico.<\/p>\n\n\n\n<p>Adem\u00e1s,\u00a0<strong>Pascal<\/strong>\u00a0comparti\u00f3 recuerdos de su infancia ligados al cine y expres\u00f3 lo que significa para \u00e9l formar parte del universo de\u00a0<strong>Star Wars<\/strong>: \u201cMemorias m\u00edas de mi infancia, fue ir al cine y ver pel\u00edculas como esta. Y as\u00ed que eso, estar juntos y luchar por el bueno&#8230;\u00a0<strong>\u00a1Viva M\u00e9xico!<\/strong>\u201d.<\/p>\n\n\n\n<iframe loading=\"lazy\" src=\"https:\/\/www.facebook.com\/plugins\/video.php?height=476&#038;href=https%3A%2F%2Fwww.facebook.com%2Freel%2F803055659229944%2F&#038;show_text=false&#038;width=267&#038;t=0\" width=\"267\" height=\"476\" style=\"border:none;overflow:hidden\" scrolling=\"no\" frameborder=\"0\" allowfullscreen=\"true\" allow=\"autoplay; clipboard-write; encrypted-media; picture-in-picture; web-share\" allowFullScreen=\"true\"><\/iframe>\n\n\n\n<p><a href=\"https:\/\/www.infobae.com\/mexico\/2026\/04\/26\/aumento-para-jubilados-en-mayo-2026-asi-queda-el-pago-de-la-pension-minima-del-imss\/\" target=\"_blank\" rel=\"noreferrer noopener\"><\/a>Al finalizar el encuentro, el actor se llev\u00f3 las manos al rostro y no pudo evitar las l\u00e1grimas, reflejando la conexi\u00f3n personal con la audiencia mexicana.<\/p>\n\n\n\n<h2 class=\"wp-block-heading\" id=\"presentacion-exclusiva-y-ambiente-de-celebracion\">Presentaci\u00f3n exclusiva y ambiente de celebraci\u00f3n<\/h2>\n\n\n\n<p>La aparici\u00f3n de&nbsp;<strong>Jon Favreau<\/strong>&nbsp;junto a&nbsp;<strong>Pascal<\/strong>&nbsp;y el peque\u00f1o&nbsp;<strong>Grogu<\/strong>&nbsp;a\u00f1adi\u00f3 relevancia al panel, donde ambos presentaron avances exclusivos de la pel\u00edcula&nbsp;<strong>The Mandalorian &amp; Grogu<\/strong>.<\/p>\n\n\n\n<p><strong>Grogu<\/strong>, tambi\u00e9n presente en la\u00a0<strong>CDMX<\/strong>, apareci\u00f3 en activaciones especiales, incluso paseando en trajinera en\u00a0<strong>Xochimilco<\/strong>\u00a0como parte de la campa\u00f1a de lanzamiento.<a href=\"https:\/\/www.infobae.com\/mexico\/2026\/04\/26\/video-complica-aspiraciones-de-andrea-chavez-a-la-gubernatura-pa-que-los-chihuahuitas-me-quieran-me-tengo-que-hacer-guera\/\" target=\"_blank\" rel=\"noreferrer noopener\"><\/a><\/p>\n\n\n\n<p>El p\u00fablico asisti\u00f3 a una proyecci\u00f3n in\u00e9dita de los primeros minutos del filme, generando a\u00fan m\u00e1s expectativa rumbo al estreno del\u00a0<strong>22 de mayo<\/strong>.<\/p>\n\n\n\n<p>Los asistentes disfrutaron de la interacci\u00f3n directa con los creadores y del ambiente festivo que se vive en la convenci\u00f3n.<\/p>\n\n\n\n<p>En este sentido, la combinaci\u00f3n de exclusivas, sorpresas y cercan\u00eda convirtieron la edici\u00f3n&nbsp;<strong>2026<\/strong>&nbsp;en referente para el fandom de&nbsp;<strong>Star Wars<\/strong>&nbsp;en Latinoam\u00e9rica.<\/p>\n\n\n\n<h2 class=\"wp-block-heading\" id=\"star-wars-regresa-al-cine-con-mexico-como-protagonista\">Star Wars regresa al cine con M\u00e9xico como protagonista<\/h2>\n\n\n\n<p>El estreno de&nbsp;<strong>The Mandalorian &amp; Grogu<\/strong>&nbsp;marca el regreso de&nbsp;<strong>Star Wars<\/strong>&nbsp;a las salas despu\u00e9s de siete a\u00f1os.&nbsp;<strong>M\u00e9xico<\/strong>&nbsp;se convirti\u00f3 en uno de los mercados centrales para la franquicia, con campa\u00f1as que integran \u00edconos locales como&nbsp;<strong>Xochimilco<\/strong>&nbsp;y la&nbsp;<strong>Selecci\u00f3n Nacional<\/strong>.<\/p>\n\n\n\n<ul class=\"wp-block-list\">\n<li><strong>Pedro Pascal<\/strong>\u00a0y\u00a0<strong>Jon Favreau\u00a0<\/strong>destacaron la importancia de compartir el filme con el p\u00fablico mexicano y celebraron la respuesta masiva de los fans.<\/li>\n\n\n\n<li>La pel\u00edcula suma a figuras como\u00a0<strong>Sigourney Weaver<\/strong>\u00a0y\u00a0<strong>Jeremy Allen White<\/strong>, ampliando la expectativa para el lanzamiento.<\/li>\n<\/ul>\n\n\n\n<p><\/p>\n\n\n\n<p>Fuente: <a href=\"https:\/\/www.infobae.com\/mexico\/2026\/04\/27\/viva-mexico-con-lagrimas-y-playera-de-la-seleccion-mexicana-pedro-pascal-desata-la-locura-en-la-ccxp-2026\/\">Infobae<\/a><\/p>\n","protected":false},"excerpt":{"rendered":"<p>El actor\u00a0Pedro Pascal\u00a0sorprendi\u00f3 esta tarde al p\u00fablico mexicano al aparecer en el panel de\u00a0The Mandalorian and Grogu\u00a0durante la \u00faltima jornada de la\u00a0CCXP M\u00e9xico 2026. Portando la&nbsp;playera de la Selecci\u00f3n Mexicana&nbsp;y visiblemente conmovido,&nbsp;Pascal&nbsp;recibi\u00f3 ovaciones y gritos de cientos de fans que colman el Centro Banamex. La emoci\u00f3n del p\u00fablico y la respuesta espont\u00e1nea del actor marcaron [&hellip;]<\/p>\n","protected":false},"author":6,"featured_media":215575,"comment_status":"open","ping_status":"open","sticky":false,"template":"","format":"standard","meta":{"_monsterinsights_skip_tracking":false,"_monsterinsights_sitenote_active":false,"_monsterinsights_sitenote_note":"","_monsterinsights_sitenote_category":0,"footnotes":""},"categories":[576],"tags":[29466],"class_list":["post-215574","post","type-post","status-publish","format-standard","has-post-thumbnail","hentry","category-ocio","tag-pedro-pascal","wp-image-borders"],"amp_enabled":true,"_links":{"self":[{"href":"https:\/\/nvnoticias.mx\/index.php\/wp-json\/wp\/v2\/posts\/215574","targetHints":{"allow":["GET"]}}],"collection":[{"href":"https:\/\/nvnoticias.mx\/index.php\/wp-json\/wp\/v2\/posts"}],"about":[{"href":"https:\/\/nvnoticias.mx\/index.php\/wp-json\/wp\/v2\/types\/post"}],"author":[{"embeddable":true,"href":"https:\/\/nvnoticias.mx\/index.php\/wp-json\/wp\/v2\/users\/6"}],"replies":[{"embeddable":true,"href":"https:\/\/nvnoticias.mx\/index.php\/wp-json\/wp\/v2\/comments?post=215574"}],"version-history":[{"count":1,"href":"https:\/\/nvnoticias.mx\/index.php\/wp-json\/wp\/v2\/posts\/215574\/revisions"}],"predecessor-version":[{"id":215576,"href":"https:\/\/nvnoticias.mx\/index.php\/wp-json\/wp\/v2\/posts\/215574\/revisions\/215576"}],"wp:featuredmedia":[{"embeddable":true,"href":"https:\/\/nvnoticias.mx\/index.php\/wp-json\/wp\/v2\/media\/215575"}],"wp:attachment":[{"href":"https:\/\/nvnoticias.mx\/index.php\/wp-json\/wp\/v2\/media?parent=215574"}],"wp:term":[{"taxonomy":"category","embeddable":true,"href":"https:\/\/nvnoticias.mx\/index.php\/wp-json\/wp\/v2\/categories?post=215574"},{"taxonomy":"post_tag","embeddable":true,"href":"https:\/\/nvnoticias.mx\/index.php\/wp-json\/wp\/v2\/tags?post=215574"}],"curies":[{"name":"wp","href":"https:\/\/api.w.org\/{rel}","templated":true}]}}