{"id":215571,"date":"2026-04-26T14:07:23","date_gmt":"2026-04-26T20:07:23","guid":{"rendered":"https:\/\/nvnoticias.mx\/?p=215571"},"modified":"2026-04-26T14:07:31","modified_gmt":"2026-04-26T20:07:31","slug":"asegura-sheinbaum-que-conexion-buenavista-aifa-facilitara-una-movilidad-eficiente-y-accesible","status":"publish","type":"post","link":"https:\/\/nvnoticias.mx\/index.php\/2026\/04\/26\/asegura-sheinbaum-que-conexion-buenavista-aifa-facilitara-una-movilidad-eficiente-y-accesible\/","title":{"rendered":"Asegura Sheinbaum que conexi\u00f3n Buenavista-AIFA facilitar\u00e1 una movilidad eficiente y accesible"},"content":{"rendered":"\n<p><\/p>\n\n\n\n<p>La\u00a0<strong>presidenta Claudia Sheinbaum<\/strong>\u00a0puso en marcha el nuevo tren suburbano\u00a0<strong>Felipe \u00c1ngeles<\/strong>\u00a0entre\u00a0<strong>Buenavista<\/strong>\u00a0y el\u00a0<strong>Aeropuerto Internacional Felipe \u00c1ngeles<\/strong>\u00a0(AIFA) este domingo 26 de abril, con el objetivo de integrar el sistema de movilidad del Valle de M\u00e9xico y ofrecer una opci\u00f3n de transporte p\u00fablico r\u00e1pida y asequible para miles de pasajeros. La inauguraci\u00f3n reuni\u00f3 a representantes del gabinete federal, autoridades estatales y municipales, as\u00ed como a mandos militares y operadores de la infraestructura.<\/p>\n\n\n\n<h2 class=\"wp-block-heading\" id=\"inversion-y-capacidad:-el-tren-busca-mover-a-mas-de-80-mil-pasajeros-diarios\">Inversi\u00f3n y capacidad: el tren busca mover a m\u00e1s de 80 mil pasajeros diarios<\/h2>\n\n\n\n<p>El director general de la Agencia de Trenes y Transporte P\u00fablico Integrado,&nbsp;<strong>Andr\u00e9s Lajous Loaeza<\/strong>, detall\u00f3 que la obra incorpora&nbsp;<strong>41 kil\u00f3metros de v\u00eda total<\/strong>, de los cuales 23 kil\u00f3metros son nuevos, desde la estaci\u00f3n&nbsp;<strong>Lecher\u00eda<\/strong>&nbsp;hasta el AIFA, y el resto corresponde al tramo ya existente entre Buenavista y Lecher\u00eda. El servicio inicia con&nbsp;<strong>cuatro trenes en operaci\u00f3n<\/strong>, cada uno con capacidad para&nbsp;<strong>719 pasajeros<\/strong>, y puede ampliarse hasta diez trenes acoplables para responder a picos de demanda. La proyecci\u00f3n es alcanzar&nbsp;<strong>m\u00e1s de 80 mil usuarios diarios<\/strong>.<\/p>\n\n\n\n<p>Durante la etapa m\u00e1s intensiva de construcci\u00f3n, el proyecto gener\u00f3&nbsp;<strong>cerca de 20 mil empleos<\/strong>, entre mano de obra, especialistas y personal administrativo, seg\u00fan inform\u00f3 el ingeniero residente de obra,&nbsp;<strong>Iv\u00e1n Hern\u00e1ndez Uribe<\/strong>. El general resalt\u00f3 que la obra implic\u00f3 la construcci\u00f3n de seis estaciones nuevas, cinco centros de transferencia modal y la instalaci\u00f3n de&nbsp;<strong>150 kil\u00f3metros de cable<\/strong>&nbsp;para la electrificaci\u00f3n del sistema ferroviario, as\u00ed como la reubicaci\u00f3n de acueductos y l\u00edneas el\u00e9ctricas.<\/p>\n\n\n\n<p>Tarifas, frecuencias y conectividad: integraci\u00f3n al sistema metropolitano<\/p>\n\n\n\n<p>El\u00a0<strong>tren Felipe \u00c1ngeles<\/strong>\u00a0comenzar\u00e1 operaciones con una\u00a0<strong>tarifa promocional de 45 pesos<\/strong>\u00a0en el trayecto completo Buenavista-AIFA y\u00a0<strong>11.50 pesos<\/strong>\u00a0entre estaciones intermedias. La frecuencia inicial ser\u00e1 de\u00a0<strong>30 minutos<\/strong>\u00a0entre trenes, con la expectativa de reducirla a\u00a0<strong>12 minutos<\/strong>\u00a0conforme se consolide la operaci\u00f3n. Los horarios de servicio se homologan con el Metro capitalino: de lunes a viernes de 5:00 a 24:00, s\u00e1bados de 6:00 a 24:00, y domingos de 7:00 a 24:00.<\/p>\n\n\n\n<p>La conectividad es uno de los ejes centrales del proyecto. El tren enlaza con el&nbsp;<strong>Tren Suburbano Buenavista-Cuautitl\u00e1n<\/strong>, con la l\u00ednea B del Metro, tres l\u00edneas de Metrob\u00fas y el sistema Ecobici. En el Estado de M\u00e9xico se conecta con el Mexib\u00fas y diversos servicios locales a trav\u00e9s de los centros de transferencia. El acceso se realiza mediante la&nbsp;<strong>tarjeta de movilidad integrada<\/strong>&nbsp;y, pr\u00f3ximamente, con la tarjeta del suburbano.<\/p>\n\n\n\n<p><a href=\"https:\/\/www.infobae.com\/mexico\/2026\/04\/26\/aumento-para-jubilados-en-mayo-2026-asi-queda-el-pago-de-la-pension-minima-del-imss\/\" target=\"_blank\" rel=\"noreferrer noopener\"><\/a>El tren como infraestructura de la \u201ccuarta transformaci\u00f3n\u201d<\/p>\n\n\n\n<p>En la ceremonia, la gobernadora del Estado de M\u00e9xico,&nbsp;<strong>Delfina G\u00f3mez<\/strong>, y la jefa de Gobierno de la Ciudad de M\u00e9xico,&nbsp;<strong>Clara Brugada<\/strong>, subrayaron que la obra es resultado de la visi\u00f3n de gobierno de la llamada&nbsp;<strong>cuarta transformaci\u00f3n<\/strong>, que prioriza la movilidad p\u00fablica y la infraestructura operada por el Estado. G\u00f3mez afirm\u00f3:&nbsp;<strong>\u201cLa puesta en marcha del tren Felipe \u00c1ngeles es un impulso decisivo en la transformaci\u00f3n que vive el Estado de M\u00e9xico\u201d<\/strong>.<\/p>\n\n\n\n<p>Sheinbaum destac\u00f3 el car\u00e1cter p\u00fablico del servicio:\u00a0<strong>\u201cEl tren suburbano es del pueblo de M\u00e9xico\u201d<\/strong>, y agradeci\u00f3 la participaci\u00f3n de los ingenieros militares y de los trabajadores de la construcci\u00f3n. El tren lleva el nombre de\u00a0<strong>Felipe \u00c1ngeles<\/strong>\u00a0en reconocimiento al general revolucionario originario de Hidalgo. La mandataria anunci\u00f3 que la estaci\u00f3n del aeropuerto tambi\u00e9n llevar\u00e1 el nombre de\u00a0<strong>Clara Kraus<\/strong>, esposa de Felipe \u00c1ngeles y figura relevante en la historia mexicana.<\/p>\n\n\n\n<p>Fuente: <a href=\"https:\/\/www.infobae.com\/mexico\/2026\/04\/26\/inauguracion-tren-felipe-angeles-sheinbaum-asegura-que-conexion-buenavista-aifa-facilitara-una-movilidad-eficiente-y-accesible\/\">Infobae<\/a><a href=\"https:\/\/www.infobae.com\/mexico\/2026\/04\/24\/amiga-de-carolina-flores-da-detalles-de-como-era-la-relacion-de-la-exreina-con-su-suegra-la-atacaba\/\" target=\"_blank\" rel=\"noreferrer noopener\"><\/a><\/p>\n","protected":false},"excerpt":{"rendered":"<p>La\u00a0presidenta Claudia Sheinbaum\u00a0puso en marcha el nuevo tren suburbano\u00a0Felipe \u00c1ngeles\u00a0entre\u00a0Buenavista\u00a0y el\u00a0Aeropuerto Internacional Felipe \u00c1ngeles\u00a0(AIFA) este domingo 26 de abril, con el objetivo de integrar el sistema de movilidad del Valle de M\u00e9xico y ofrecer una opci\u00f3n de transporte p\u00fablico r\u00e1pida y asequible para miles de pasajeros. La inauguraci\u00f3n reuni\u00f3 a representantes del gabinete federal, autoridades [&hellip;]<\/p>\n","protected":false},"author":6,"featured_media":215572,"comment_status":"open","ping_status":"open","sticky":false,"template":"","format":"standard","meta":{"_monsterinsights_skip_tracking":false,"_monsterinsights_sitenote_active":false,"_monsterinsights_sitenote_note":"","_monsterinsights_sitenote_category":0,"footnotes":""},"categories":[157],"tags":[33307,162,9319],"class_list":["post-215571","post","type-post","status-publish","format-standard","has-post-thumbnail","hentry","category-nacional","tag-buenavista-aifa","tag-portada","tag-sheinbaum","wp-image-borders"],"amp_enabled":true,"_links":{"self":[{"href":"https:\/\/nvnoticias.mx\/index.php\/wp-json\/wp\/v2\/posts\/215571","targetHints":{"allow":["GET"]}}],"collection":[{"href":"https:\/\/nvnoticias.mx\/index.php\/wp-json\/wp\/v2\/posts"}],"about":[{"href":"https:\/\/nvnoticias.mx\/index.php\/wp-json\/wp\/v2\/types\/post"}],"author":[{"embeddable":true,"href":"https:\/\/nvnoticias.mx\/index.php\/wp-json\/wp\/v2\/users\/6"}],"replies":[{"embeddable":true,"href":"https:\/\/nvnoticias.mx\/index.php\/wp-json\/wp\/v2\/comments?post=215571"}],"version-history":[{"count":1,"href":"https:\/\/nvnoticias.mx\/index.php\/wp-json\/wp\/v2\/posts\/215571\/revisions"}],"predecessor-version":[{"id":215573,"href":"https:\/\/nvnoticias.mx\/index.php\/wp-json\/wp\/v2\/posts\/215571\/revisions\/215573"}],"wp:featuredmedia":[{"embeddable":true,"href":"https:\/\/nvnoticias.mx\/index.php\/wp-json\/wp\/v2\/media\/215572"}],"wp:attachment":[{"href":"https:\/\/nvnoticias.mx\/index.php\/wp-json\/wp\/v2\/media?parent=215571"}],"wp:term":[{"taxonomy":"category","embeddable":true,"href":"https:\/\/nvnoticias.mx\/index.php\/wp-json\/wp\/v2\/categories?post=215571"},{"taxonomy":"post_tag","embeddable":true,"href":"https:\/\/nvnoticias.mx\/index.php\/wp-json\/wp\/v2\/tags?post=215571"}],"curies":[{"name":"wp","href":"https:\/\/api.w.org\/{rel}","templated":true}]}}