{"id":215568,"date":"2026-04-26T12:50:44","date_gmt":"2026-04-26T18:50:44","guid":{"rendered":"https:\/\/nvnoticias.mx\/?p=215568"},"modified":"2026-04-26T12:50:52","modified_gmt":"2026-04-26T18:50:52","slug":"estos-pensionados-del-imss-e-issste-cobraran-primero-el-pago-correspondiente-de-mayo","status":"publish","type":"post","link":"https:\/\/nvnoticias.mx\/index.php\/2026\/04\/26\/estos-pensionados-del-imss-e-issste-cobraran-primero-el-pago-correspondiente-de-mayo\/","title":{"rendered":"Estos pensionados del IMSS e ISSSTE cobrar\u00e1n primero el pago correspondiente de mayo"},"content":{"rendered":"\n<p><\/p>\n\n\n\n<p>El pago de la pensi\u00f3n para el mes de mayo de 2026 presenta ajustes en las fechas de dep\u00f3sito para los beneficiarios de Instituto Mexicano del Seguro Social (<strong>IMSS<\/strong>) e Instituto de Seguridad y Servicios Sociales de los Trabajadores del Estado (<strong>ISSSTE<\/strong>), debido a la coincidencia de\u00a0<strong>d\u00edas inh\u00e1biles\u00a0<\/strong>y festivos con el calendario bancario.<\/p>\n\n\n\n<p>Los pensionados del&nbsp;<strong>ISSSTE<\/strong>&nbsp;ser\u00e1n quienes reciban primero el pago, disponible desde el&nbsp;<strong>29 o 30 de abril<\/strong>, mientras que los del&nbsp;<strong>IMSS<\/strong>&nbsp;acceder\u00e1n al dep\u00f3sito el<strong>&nbsp;lunes 4 de mayo<\/strong>.<\/p>\n\n\n\n<h2 class=\"wp-block-heading\" id=\"pensionados-del-issste-cobraran-primero\">Pensionados del ISSSTE cobrar\u00e1n primero<\/h2>\n\n\n\n<p>Debido al calendario, los jubilados y pensionados del&nbsp;<strong>ISSSTE<\/strong>&nbsp;podr\u00e1n disponer de su pensi\u00f3n desde el&nbsp;<strong>\u00faltimo d\u00eda h\u00e1bil de abril.<\/strong>&nbsp;Este grupo<strong>&nbsp;ser\u00e1 el primero en recibir el recurso mensual<\/strong>, una situaci\u00f3n que ocurre cuando el inicio del mes coincide con un d\u00eda inh\u00e1bil para operaciones bancarias.<\/p>\n\n\n\n<p>El\u00a0<strong>ISSSTE<\/strong>\u00a0mantiene la pr\u00e1ctica de adelantar el pago para evitar retrasos. El movimiento administrativo garantiza que los beneficiarios accedan a su dinero sin necesidad de hacer tr\u00e1mites adicionales, ya que la dispersi\u00f3n se realiza de manera autom\u00e1tica.<\/p>\n\n\n\n<h2 class=\"wp-block-heading\" id=\"el-imss-deposita-el-lunes-4-de-mayo\">El IMSS deposita el lunes 4 de mayo<\/h2>\n\n\n\n<p>Los beneficiarios del&nbsp;<strong>IMSS<\/strong>&nbsp;tendr\u00e1n acceso a su pensi\u00f3n a partir del lunes 4, primer d\u00eda h\u00e1bil del mes. La instituci\u00f3n reiter\u00f3 que la pol\u00edtica es depositar siempre en esa fecha, salvo que caiga en un d\u00eda inh\u00e1bil, en cuyo caso se ajusta al siguiente d\u00eda h\u00e1bil disponible.<\/p>\n\n\n\n<p>El ajuste en el calendario no afecta el monto de la pensi\u00f3n. Cada persona recibe la cantidad correspondiente seg\u00fan su historial laboral y el r\u00e9gimen bajo el que se jubil\u00f3. No hay modificaciones en las prestaciones ni pagos extraordinarios asociados a este cambio de fecha.<\/p>\n\n\n\n<h2 class=\"wp-block-heading\" id=\"requisitos-para-recibir-pension-de-vejez-imss\">Requisitos para recibir pensi\u00f3n de vejez IMSS<\/h2>\n\n\n\n<p>Para acceder a la pensi\u00f3n de vejez del&nbsp;<strong>IMSS<\/strong>, las personas deben cumplir ciertos requisitos seg\u00fan el r\u00e9gimen bajo el que cotizaron.<\/p>\n\n\n\n<p>En el caso del R\u00e9gimen de la Ley del Seguro Social 1973:<\/p>\n\n\n\n<ul class=\"wp-block-list\">\n<li>Tener 65 a\u00f1os al momento de presentar la solicitud.<\/li>\n\n\n\n<li>Haber causado baja en el R\u00e9gimen Obligatorio.<\/li>\n\n\n\n<li>Contar con al menos\u00a0<strong>500 semanas de cotizaci\u00f3n<\/strong>\u00a0registradas ante el IMSS.<\/li>\n\n\n\n<li>Haber cotizado antes del 1 de julio de 1997.<\/li>\n\n\n\n<li>Estar dentro del per\u00edodo de conservaci\u00f3n de derechos, equivalente a la cuarta parte del tiempo cotizado.<\/li>\n<\/ul>\n\n\n\n<p>Para el R\u00e9gimen de la Ley del Seguro Social 1997:<\/p>\n\n\n\n<ul class=\"wp-block-list\">\n<li>Tener 65 a\u00f1os al solicitar la pensi\u00f3n.<\/li>\n\n\n\n<li>Baja en el R\u00e9gimen Obligatorio.<\/li>\n\n\n\n<li>Acumular un m\u00ednimo de\u00a0<strong>\u00a0mil 250 semanas de cotizaci\u00f3n<\/strong>\u00a0ante el IMSS.<\/li>\n<\/ul>\n\n\n\n<p>Las autoridades recomendaron a los pensionados revisar sus cuentas desde las primeras horas del d\u00eda de pago y evitar acudir de inmediato a sucursales, para prevenir aglomeraciones.<\/p>\n\n\n\n<p>Fuente: <a href=\"https:\/\/www.infobae.com\/mexico\/2026\/04\/26\/pension-imss-e-issste-estos-son-los-pensionados-que-cobraran-primero-el-pago-correspondiente-de-mayo\/\">Infobae<\/a><\/p>\n","protected":false},"excerpt":{"rendered":"<p>El pago de la pensi\u00f3n para el mes de mayo de 2026 presenta ajustes en las fechas de dep\u00f3sito para los beneficiarios de Instituto Mexicano del Seguro Social (IMSS) e Instituto de Seguridad y Servicios Sociales de los Trabajadores del Estado (ISSSTE), debido a la coincidencia de\u00a0d\u00edas inh\u00e1biles\u00a0y festivos con el calendario bancario. Los pensionados [&hellip;]<\/p>\n","protected":false},"author":6,"featured_media":215569,"comment_status":"open","ping_status":"open","sticky":false,"template":"","format":"standard","meta":{"_monsterinsights_skip_tracking":false,"_monsterinsights_sitenote_active":false,"_monsterinsights_sitenote_note":"","_monsterinsights_sitenote_category":0,"footnotes":""},"categories":[157],"tags":[365,1066],"class_list":["post-215568","post","type-post","status-publish","format-standard","has-post-thumbnail","hentry","category-nacional","tag-imss","tag-issste","wp-image-borders"],"amp_enabled":true,"_links":{"self":[{"href":"https:\/\/nvnoticias.mx\/index.php\/wp-json\/wp\/v2\/posts\/215568","targetHints":{"allow":["GET"]}}],"collection":[{"href":"https:\/\/nvnoticias.mx\/index.php\/wp-json\/wp\/v2\/posts"}],"about":[{"href":"https:\/\/nvnoticias.mx\/index.php\/wp-json\/wp\/v2\/types\/post"}],"author":[{"embeddable":true,"href":"https:\/\/nvnoticias.mx\/index.php\/wp-json\/wp\/v2\/users\/6"}],"replies":[{"embeddable":true,"href":"https:\/\/nvnoticias.mx\/index.php\/wp-json\/wp\/v2\/comments?post=215568"}],"version-history":[{"count":1,"href":"https:\/\/nvnoticias.mx\/index.php\/wp-json\/wp\/v2\/posts\/215568\/revisions"}],"predecessor-version":[{"id":215570,"href":"https:\/\/nvnoticias.mx\/index.php\/wp-json\/wp\/v2\/posts\/215568\/revisions\/215570"}],"wp:featuredmedia":[{"embeddable":true,"href":"https:\/\/nvnoticias.mx\/index.php\/wp-json\/wp\/v2\/media\/215569"}],"wp:attachment":[{"href":"https:\/\/nvnoticias.mx\/index.php\/wp-json\/wp\/v2\/media?parent=215568"}],"wp:term":[{"taxonomy":"category","embeddable":true,"href":"https:\/\/nvnoticias.mx\/index.php\/wp-json\/wp\/v2\/categories?post=215568"},{"taxonomy":"post_tag","embeddable":true,"href":"https:\/\/nvnoticias.mx\/index.php\/wp-json\/wp\/v2\/tags?post=215568"}],"curies":[{"name":"wp","href":"https:\/\/api.w.org\/{rel}","templated":true}]}}