{"id":215559,"date":"2026-04-26T11:55:43","date_gmt":"2026-04-26T17:55:43","guid":{"rendered":"https:\/\/nvnoticias.mx\/?p=215559"},"modified":"2026-04-26T11:55:50","modified_gmt":"2026-04-26T17:55:50","slug":"lanza-grecia-quiroz-aplicacion-oficial-del-movimiento-independiente-del-sombrero","status":"publish","type":"post","link":"https:\/\/nvnoticias.mx\/index.php\/2026\/04\/26\/lanza-grecia-quiroz-aplicacion-oficial-del-movimiento-independiente-del-sombrero\/","title":{"rendered":"Lanza Grecia Quiroz aplicaci\u00f3n oficial del Movimiento Independiente del Sombrero"},"content":{"rendered":"\n<p><\/p>\n\n\n\n<p>La alcaldesa de\u00a0<strong>Uruapan, Grecia Quiroz<\/strong>, anunci\u00f3 la apertura de la plataforma del\u00a0<strong>Movimiento Independiente del Sombrero<\/strong>, que servir\u00e1 como un medio oficial de la organizaci\u00f3n que representa la funcionaria.<\/p>\n\n\n\n<p>A trav\u00e9s de su cuenta oficial,<strong>\u00a0Quiroz<\/strong>\u00a0explic\u00f3 que la aplicaci\u00f3n permitir\u00e1 a las personas \u201cinformarse, participar y mantener comunicaci\u00f3n directa con nosotros de manera segura y ordenada\u201d.<\/p>\n\n\n\n<p>De acuerdo con la edil, esta plataforma busca estar m\u00e1s cerca de la ciudadan\u00eda y de los simpatizantes del movimiento que inici\u00f3\u00a0<strong>Carlos Alberto Manzo Rodr\u00edguez.<\/strong><\/p>\n\n\n\n<h2 class=\"wp-block-heading\" id=\"esto-es-lo-que-se-encuentra-en-la-aplicacion-del-movimiento-del-sombrero\">Esto es lo que se encuentra en la aplicaci\u00f3n del Movimiento del Sombrero<\/h2>\n\n\n\n<p>Dentro de la interfaz se encuentra informaci\u00f3n sobre la historia del&nbsp;<strong>Movimiento Independiente del Sombrero<\/strong>, los valores, noticias, contacto para mayor informaci\u00f3n.<\/p>\n\n\n\n<p>Adem\u00e1s, desde la aplicaci\u00f3n, las personas que as\u00ed lo deseen podr\u00e1n\u00a0<strong>registrarse como simpatizantes\u00a0<\/strong>de la organizaci\u00f3n, lo cual puede ser a trav\u00e9s de voluntariado, asistencia a eventos y a la difusi\u00f3n de participantes.<\/p>\n\n\n\n<p>Dentro de la plataforma tambi\u00e9n se puede acceder a noticias, comunicados, as\u00ed como a la agenda de actividades que realizar\u00e1 el&nbsp;<strong>Movimiento Independiente del Sombrero<\/strong>.<\/p>\n\n\n\n<h2 class=\"wp-block-heading\" id=\"grecia-quiroz-competira-por-la-gubernatura-de-michoacan-en-las-elecciones-2027\">Grecia Quiroz, \u00bfcompetir\u00e1 por la gubernatura de Michoac\u00e1n en las elecciones 2027?<\/h2>\n\n\n\n<p>Quiroz revel\u00f3 en d\u00edas recientes que eval\u00faa competir en las&nbsp;<strong>elecciones 2027<\/strong>&nbsp;para ser la gobernadora del estado de Michoac\u00e1n. En entrevista con medios locales, se\u00f1al\u00f3 que solo aceptar\u00eda ser candidata si identifica una verdadera posibilidad de cambio: \u201cSi acepto, es porque las cosas realmente tienen que cambiar para&nbsp;<strong>Michoac\u00e1n<\/strong>\u201d.<\/p>\n\n\n\n<p>Durante su mensaje, Quiroz detall\u00f3 que empresarios y ciudadanos han solicitado que el&nbsp;<strong>Movimiento del Sombrero&nbsp;<\/strong>participe en el proceso electoral, y afirma percibir respaldo social: \u201cMe dicen&nbsp;<strong>\u2018\u00e9chele ganas, estamos contigo<\/strong>\u2019\u201c.<\/p>\n\n\n\n<p>Fuente: <a href=\"https:\/\/www.infobae.com\/mexico\/2026\/04\/26\/grecia-quiroz-lanza-aplicacion-oficial-del-movimiento-independiente-del-sombrero\/\">Infobae<\/a><\/p>\n","protected":false},"excerpt":{"rendered":"<p>La alcaldesa de\u00a0Uruapan, Grecia Quiroz, anunci\u00f3 la apertura de la plataforma del\u00a0Movimiento Independiente del Sombrero, que servir\u00e1 como un medio oficial de la organizaci\u00f3n que representa la funcionaria. A trav\u00e9s de su cuenta oficial,\u00a0Quiroz\u00a0explic\u00f3 que la aplicaci\u00f3n permitir\u00e1 a las personas \u201cinformarse, participar y mantener comunicaci\u00f3n directa con nosotros de manera segura y ordenada\u201d. De [&hellip;]<\/p>\n","protected":false},"author":6,"featured_media":215560,"comment_status":"open","ping_status":"open","sticky":false,"template":"","format":"standard","meta":{"_monsterinsights_skip_tracking":false,"_monsterinsights_sitenote_active":false,"_monsterinsights_sitenote_note":"","_monsterinsights_sitenote_category":0,"footnotes":""},"categories":[158],"tags":[32569,33305],"class_list":["post-215559","post","type-post","status-publish","format-standard","has-post-thumbnail","hentry","category-politica","tag-grecia-quiroz","tag-movimiento-independiente-del-sombrero","wp-image-borders"],"amp_enabled":true,"_links":{"self":[{"href":"https:\/\/nvnoticias.mx\/index.php\/wp-json\/wp\/v2\/posts\/215559","targetHints":{"allow":["GET"]}}],"collection":[{"href":"https:\/\/nvnoticias.mx\/index.php\/wp-json\/wp\/v2\/posts"}],"about":[{"href":"https:\/\/nvnoticias.mx\/index.php\/wp-json\/wp\/v2\/types\/post"}],"author":[{"embeddable":true,"href":"https:\/\/nvnoticias.mx\/index.php\/wp-json\/wp\/v2\/users\/6"}],"replies":[{"embeddable":true,"href":"https:\/\/nvnoticias.mx\/index.php\/wp-json\/wp\/v2\/comments?post=215559"}],"version-history":[{"count":1,"href":"https:\/\/nvnoticias.mx\/index.php\/wp-json\/wp\/v2\/posts\/215559\/revisions"}],"predecessor-version":[{"id":215561,"href":"https:\/\/nvnoticias.mx\/index.php\/wp-json\/wp\/v2\/posts\/215559\/revisions\/215561"}],"wp:featuredmedia":[{"embeddable":true,"href":"https:\/\/nvnoticias.mx\/index.php\/wp-json\/wp\/v2\/media\/215560"}],"wp:attachment":[{"href":"https:\/\/nvnoticias.mx\/index.php\/wp-json\/wp\/v2\/media?parent=215559"}],"wp:term":[{"taxonomy":"category","embeddable":true,"href":"https:\/\/nvnoticias.mx\/index.php\/wp-json\/wp\/v2\/categories?post=215559"},{"taxonomy":"post_tag","embeddable":true,"href":"https:\/\/nvnoticias.mx\/index.php\/wp-json\/wp\/v2\/tags?post=215559"}],"curies":[{"name":"wp","href":"https:\/\/api.w.org\/{rel}","templated":true}]}}