{"id":215546,"date":"2026-04-26T10:36:16","date_gmt":"2026-04-26T16:36:16","guid":{"rendered":"https:\/\/nvnoticias.mx\/?p=215546"},"modified":"2026-04-26T10:36:23","modified_gmt":"2026-04-26T16:36:23","slug":"preven-alza-en-el-precio-del-aguacate-por-incremento-en-costos-de-transporte","status":"publish","type":"post","link":"https:\/\/nvnoticias.mx\/index.php\/2026\/04\/26\/preven-alza-en-el-precio-del-aguacate-por-incremento-en-costos-de-transporte\/","title":{"rendered":"Prev\u00e9n alza en el precio del aguacate por incremento en costos de transporte"},"content":{"rendered":"\n<p><\/p>\n\n\n\n<p><strong>Jes\u00fas Utrilla &#8211; NV Noticias<\/strong><\/p>\n\n\n\n<p>Productores de aguacate de la zona centro del estado anticipan un aumento significativo en el precio del fruto durante el pr\u00f3ximo mes, impulsado por el encarecimiento del di\u00e9sel y la reducci\u00f3n en la oferta propia de la temporada.<\/p>\n\n\n\n<p>Carlos Nolasco G\u00f3mez, presidente del Consejo Estatal de Productores de Aguacate, se\u00f1al\u00f3 que actualmente el kilogramo se comercializa entre 35 y 40 pesos, pero podr\u00eda alcanzar precios de hasta 60 o 70 pesos en las pr\u00f3ximas semanas.<\/p>\n\n\n\n<blockquote class=\"wp-block-quote is-layout-flow wp-block-quote-is-layout-flow\">\n<p>\u201cEl producto se transporta y tenemos afectaci\u00f3n en los precios de frutas y verduras que comercializamos. Estamos trayendo aguacate de varios lados, tanto de aqu\u00ed de Veracruz como de Puebla y al subir el combustible el flete se incrementa porque se mueven en camiones. Es un problema que nos afecta a todos\u201d.<\/p>\n<\/blockquote>\n\n\n\n<p>Explic\u00f3 que el impacto en los costos log\u00edsticos ya se refleja en el mercado, con incrementos que presionan tanto a productores como a consumidores finales.<\/p>\n\n\n\n<blockquote class=\"wp-block-quote is-layout-flow wp-block-quote-is-layout-flow\">\n<p>\u201cNos est\u00e1 afectando con un incremento de 25 a 30 por ciento en el aguacate. Tenemos que ocupar el transporte y nos afecta a todos y m\u00e1s cuando mandas a comercializar tus frutas. Es un castigo muy fuerte por el precio del di\u00e9sel\u201d.<\/p>\n<\/blockquote>\n\n\n\n<p>Los productores advirtieron que, de mantenerse las condiciones actuales, el alza podr\u00eda consolidarse en el corto plazo, afectando la cadena de distribuci\u00f3n y el bolsillo de los consumidores.<\/p>\n","protected":false},"excerpt":{"rendered":"<p>Jes\u00fas Utrilla &#8211; NV Noticias Productores de aguacate de la zona centro del estado anticipan un aumento significativo en el precio del fruto durante el pr\u00f3ximo mes, impulsado por el encarecimiento del di\u00e9sel y la reducci\u00f3n en la oferta propia de la temporada. Carlos Nolasco G\u00f3mez, presidente del Consejo Estatal de Productores de Aguacate, se\u00f1al\u00f3 [&hellip;]<\/p>\n","protected":false},"author":6,"featured_media":215547,"comment_status":"open","ping_status":"open","sticky":false,"template":"","format":"standard","meta":{"_monsterinsights_skip_tracking":false,"_monsterinsights_sitenote_active":false,"_monsterinsights_sitenote_note":"","_monsterinsights_sitenote_category":0,"footnotes":""},"categories":[154],"tags":[10389],"class_list":["post-215546","post","type-post","status-publish","format-standard","has-post-thumbnail","hentry","category-veracruz","tag-aguacate","wp-image-borders"],"amp_enabled":true,"_links":{"self":[{"href":"https:\/\/nvnoticias.mx\/index.php\/wp-json\/wp\/v2\/posts\/215546","targetHints":{"allow":["GET"]}}],"collection":[{"href":"https:\/\/nvnoticias.mx\/index.php\/wp-json\/wp\/v2\/posts"}],"about":[{"href":"https:\/\/nvnoticias.mx\/index.php\/wp-json\/wp\/v2\/types\/post"}],"author":[{"embeddable":true,"href":"https:\/\/nvnoticias.mx\/index.php\/wp-json\/wp\/v2\/users\/6"}],"replies":[{"embeddable":true,"href":"https:\/\/nvnoticias.mx\/index.php\/wp-json\/wp\/v2\/comments?post=215546"}],"version-history":[{"count":1,"href":"https:\/\/nvnoticias.mx\/index.php\/wp-json\/wp\/v2\/posts\/215546\/revisions"}],"predecessor-version":[{"id":215548,"href":"https:\/\/nvnoticias.mx\/index.php\/wp-json\/wp\/v2\/posts\/215546\/revisions\/215548"}],"wp:featuredmedia":[{"embeddable":true,"href":"https:\/\/nvnoticias.mx\/index.php\/wp-json\/wp\/v2\/media\/215547"}],"wp:attachment":[{"href":"https:\/\/nvnoticias.mx\/index.php\/wp-json\/wp\/v2\/media?parent=215546"}],"wp:term":[{"taxonomy":"category","embeddable":true,"href":"https:\/\/nvnoticias.mx\/index.php\/wp-json\/wp\/v2\/categories?post=215546"},{"taxonomy":"post_tag","embeddable":true,"href":"https:\/\/nvnoticias.mx\/index.php\/wp-json\/wp\/v2\/tags?post=215546"}],"curies":[{"name":"wp","href":"https:\/\/api.w.org\/{rel}","templated":true}]}}