{"id":215544,"date":"2026-04-26T10:34:12","date_gmt":"2026-04-26T16:34:12","guid":{"rendered":"https:\/\/nvnoticias.mx\/?p=215544"},"modified":"2026-04-26T10:34:20","modified_gmt":"2026-04-26T16:34:20","slug":"mantiene-veracruz-riesgo-en-carreteras","status":"publish","type":"post","link":"https:\/\/nvnoticias.mx\/index.php\/2026\/04\/26\/mantiene-veracruz-riesgo-en-carreteras\/","title":{"rendered":"Mantiene Veracruz riesgo en carreteras"},"content":{"rendered":"\n<p><\/p>\n\n\n\n<p><strong>Jes\u00fas Utrilla &#8211; NV Noticias<\/strong><\/p>\n\n\n\n<p>Entre 12 mil y 15 mil robos al transporte de carga se registran cada a\u00f1o en M\u00e9xico, de los cuales el 18 por ciento se cometen con violencia. En Veracruz se concentra entre el 3 y 4 por ciento de estos delitos y en lo que va de 2026, se reporta la muerte de un operador y un custodio en carreteras, se\u00f1al\u00f3 Norberto Lim\u00f3n Ambrosio, delegado de la C\u00e1mara Nacional del Autotransporte de Carga (Canacar) en Veracruz.<\/p>\n\n\n\n<p>Se\u00f1al\u00f3 que la inseguridad contin\u00faa como uno de los principales desaf\u00edos para el sector, pues a pesar de los esfuerzos coordinados, persisten riesgos para los conductores en distintas rutas del pa\u00eds. Confi\u00f3 que con la detenci\u00f3n de Roberto N, alias El Bukanas, baje la incidencia delictiva.<\/p>\n\n\n\n<blockquote class=\"wp-block-quote is-layout-flow wp-block-quote-is-layout-flow\">\n<p>\u201cEra una c\u00e9lula bastante peligrosa, que operaba en las zonas en las que nosotros estamos haciendo hincapi\u00e9, que es donde m\u00e1s sucesos tenemos. Entonces, yo espero que s\u00ed, y sobre todo sea un mensaje de que las autoridades est\u00e1n trabajando y est\u00e1n participando\u201d.<\/p>\n<\/blockquote>\n\n\n\n<p>Destac\u00f3 que el estado de Puebla concentra el 52 por ciento de los robos a nivel nacional, lo que lo convierte en la entidad m\u00e1s peligrosa para el transporte de carga.<\/p>\n\n\n\n<p>Dijo que se contempla un reforzamiento de la vigilancia en tramos carreteros considerados de alto riesgo, particularmente en la autopista Amozoc-Esperanza, as\u00ed como en zonas como San Salvador El Seco, donde se registra la mayor incidencia delictiva.<\/p>\n\n\n\n<p>Aunque Veracruz no figura entre las entidades con mayores niveles de robo, dijo que el impacto es preocupante.<\/p>\n\n\n\n<blockquote class=\"wp-block-quote is-layout-flow wp-block-quote-is-layout-flow\">\n<p>\u201cA nivel nacional, las cifras de robos se hablan de hasta 15 mil robos al a\u00f1o. Lo m\u00e1s importante y desafortunado para nosotros es que, seg\u00fan datos de seguridad, el 80 por ciento de los robos ya se lleva a cargo con violencia. Eso es lo que no podemos permitir. Hay que recordar que la pistola se le pone al operador y no al cami\u00f3n. Y eso es lo que no podemos permitir\u201d.<\/p>\n<\/blockquote>\n\n\n\n<p>Insisti\u00f3 en que es urgente fortalecer las estrategias de seguridad para proteger la vida de quienes laboran en el sector.<\/p>\n","protected":false},"excerpt":{"rendered":"<p>Jes\u00fas Utrilla &#8211; NV Noticias Entre 12 mil y 15 mil robos al transporte de carga se registran cada a\u00f1o en M\u00e9xico, de los cuales el 18 por ciento se cometen con violencia. En Veracruz se concentra entre el 3 y 4 por ciento de estos delitos y en lo que va de 2026, se [&hellip;]<\/p>\n","protected":false},"author":6,"featured_media":156610,"comment_status":"open","ping_status":"open","sticky":false,"template":"","format":"standard","meta":{"_monsterinsights_skip_tracking":false,"_monsterinsights_sitenote_active":false,"_monsterinsights_sitenote_note":"","_monsterinsights_sitenote_category":0,"footnotes":""},"categories":[154],"tags":[841,1906],"class_list":["post-215544","post","type-post","status-publish","format-standard","has-post-thumbnail","hentry","category-veracruz","tag-canacar","tag-carretera","wp-image-borders"],"amp_enabled":true,"_links":{"self":[{"href":"https:\/\/nvnoticias.mx\/index.php\/wp-json\/wp\/v2\/posts\/215544","targetHints":{"allow":["GET"]}}],"collection":[{"href":"https:\/\/nvnoticias.mx\/index.php\/wp-json\/wp\/v2\/posts"}],"about":[{"href":"https:\/\/nvnoticias.mx\/index.php\/wp-json\/wp\/v2\/types\/post"}],"author":[{"embeddable":true,"href":"https:\/\/nvnoticias.mx\/index.php\/wp-json\/wp\/v2\/users\/6"}],"replies":[{"embeddable":true,"href":"https:\/\/nvnoticias.mx\/index.php\/wp-json\/wp\/v2\/comments?post=215544"}],"version-history":[{"count":1,"href":"https:\/\/nvnoticias.mx\/index.php\/wp-json\/wp\/v2\/posts\/215544\/revisions"}],"predecessor-version":[{"id":215545,"href":"https:\/\/nvnoticias.mx\/index.php\/wp-json\/wp\/v2\/posts\/215544\/revisions\/215545"}],"wp:featuredmedia":[{"embeddable":true,"href":"https:\/\/nvnoticias.mx\/index.php\/wp-json\/wp\/v2\/media\/156610"}],"wp:attachment":[{"href":"https:\/\/nvnoticias.mx\/index.php\/wp-json\/wp\/v2\/media?parent=215544"}],"wp:term":[{"taxonomy":"category","embeddable":true,"href":"https:\/\/nvnoticias.mx\/index.php\/wp-json\/wp\/v2\/categories?post=215544"},{"taxonomy":"post_tag","embeddable":true,"href":"https:\/\/nvnoticias.mx\/index.php\/wp-json\/wp\/v2\/tags?post=215544"}],"curies":[{"name":"wp","href":"https:\/\/api.w.org\/{rel}","templated":true}]}}