{"id":215539,"date":"2026-04-26T10:24:52","date_gmt":"2026-04-26T16:24:52","guid":{"rendered":"https:\/\/nvnoticias.mx\/?p=215539"},"modified":"2026-04-26T10:25:01","modified_gmt":"2026-04-26T16:25:01","slug":"convoca-morena-reunion-para-deliberar-relevo-de-luisa-maria-alcalde","status":"publish","type":"post","link":"https:\/\/nvnoticias.mx\/index.php\/2026\/04\/26\/convoca-morena-reunion-para-deliberar-relevo-de-luisa-maria-alcalde\/","title":{"rendered":"Convoca Morena reuni\u00f3n para deliberar relevo de Luisa Mar\u00eda Alcalde"},"content":{"rendered":"\n<p><\/p>\n\n\n\n<p>La plana mayor de Morena se reunir\u00e1 el domingo 3 de mayo para llevar a cabo la renovaci\u00f3n de su dirigencia nacional, tras el anuncio de la salida de Luisa Mar\u00eda Alcalde de la dirigencia nacional para incorporarse a la Consejer\u00eda Jur\u00eddica, por invitaci\u00f3n de la presidenta Claudia Sheinbaum.<\/p>\n\n\n\n<p>MILENIO pudo saber que el partido guinda ya circul\u00f3 la convocatoria al interior del instituto pol\u00edtico fundado por el ex presidente\u00a0Andr\u00e9s Manuel L\u00f3pez Obrador.<\/p>\n\n\n\n<p>El 22 de abril, la presidenta Claudia Sheinbaum dio a conocer la invitaci\u00f3n a Luisa Mar\u00eda Alcalde para encabezar la Consejer\u00eda Jur\u00eddica del Ejecutivo federal.<\/p>\n\n\n\n<p>Esto, luego de que, dijo, Esthela Dami\u00e1n&nbsp;\u2014quien se desempe\u00f1aba en el cargo\u2014 le extenu\u00f3 sus deseos de competir por la candidatura a la gubernatura de Morena en Guerrero rumbo a 2027.<\/p>\n\n\n\n<p>La renuncia de Dami\u00e1n fue presentada a Sheinbaum con fecha del 30 de abril, por lo que, horas m\u00e1s tarde, Alcalde Luj\u00e1n acept\u00f3 la invitaci\u00f3n.<\/p>\n\n\n\n<p>De esta manera, el mismo 30 de abril Luisa Alcalde dejar\u00e1 su cargo en Morena y la secretaria general, Carolina Rangel, asumir\u00e1 el interinato por tres d\u00edas hasta el 3 de mayo, donde se realizar\u00e1 la renovaci\u00f3n.<\/p>\n\n\n\n<p>Cabe se\u00f1alar que el acto podr\u00e1 ser conducido por el presidente del Consejo Nacional, Alfonso Durazo, en el que se presentar\u00e1 la propuesta de relevo en la dirigencia.<\/p>\n\n\n\n<p><strong>Consejo de Morena aprobar\u00e1 sustituci\u00f3n de integrantes del Comit\u00e9 Ejecutivo Nacional<\/strong><\/p>\n\n\n\n<p>De acuerdo con el estatuto de Morena, el Consejo Nacional tiene facultades para \u201caprobar la sustituci\u00f3n de integrantes del Comit\u00e9 Ejecutivo Nacional o de \u00e9ste en su conjunto\u201d.<\/p>\n\n\n\n<p>Ante versiones que colocan a la actual secretaria de Bienestar, Ariadna Montiel, en la dirigencia, el art\u00edculo 8 del documento b\u00e1sico de Morena establece que las y los interesados en suceder a Alcalde deber\u00e1n, en su caso, separarse de su cargo previamente, ya que en los \u00f3rganos de Direcci\u00f3n Ejecutiva \u201cno deber\u00e1n incluir autoridades, funcionarias o funcionarios, o personas integrantes de los poderes Legislativo, Ejecutivo y Judicial de ning\u00fan nivel de gobierno\u201d.<\/p>\n\n\n\n<p>Fuente: <a href=\"https:\/\/www.milenio.com\/politica\/morena-convoca-consejo-3-de-mayo-para-deliberar-relevo-de-alcalde\">Milenio<\/a><\/p>\n","protected":false},"excerpt":{"rendered":"<p>La plana mayor de Morena se reunir\u00e1 el domingo 3 de mayo para llevar a cabo la renovaci\u00f3n de su dirigencia nacional, tras el anuncio de la salida de Luisa Mar\u00eda Alcalde de la dirigencia nacional para incorporarse a la Consejer\u00eda Jur\u00eddica, por invitaci\u00f3n de la presidenta Claudia Sheinbaum. MILENIO pudo saber que el partido [&hellip;]<\/p>\n","protected":false},"author":6,"featured_media":214213,"comment_status":"open","ping_status":"open","sticky":false,"template":"","format":"standard","meta":{"_monsterinsights_skip_tracking":false,"_monsterinsights_sitenote_active":false,"_monsterinsights_sitenote_note":"","_monsterinsights_sitenote_category":0,"footnotes":""},"categories":[158],"tags":[25812,252,162],"class_list":["post-215539","post","type-post","status-publish","format-standard","has-post-thumbnail","hentry","category-politica","tag-luisa-maria-alcalde","tag-morena","tag-portada","wp-image-borders"],"amp_enabled":true,"_links":{"self":[{"href":"https:\/\/nvnoticias.mx\/index.php\/wp-json\/wp\/v2\/posts\/215539","targetHints":{"allow":["GET"]}}],"collection":[{"href":"https:\/\/nvnoticias.mx\/index.php\/wp-json\/wp\/v2\/posts"}],"about":[{"href":"https:\/\/nvnoticias.mx\/index.php\/wp-json\/wp\/v2\/types\/post"}],"author":[{"embeddable":true,"href":"https:\/\/nvnoticias.mx\/index.php\/wp-json\/wp\/v2\/users\/6"}],"replies":[{"embeddable":true,"href":"https:\/\/nvnoticias.mx\/index.php\/wp-json\/wp\/v2\/comments?post=215539"}],"version-history":[{"count":1,"href":"https:\/\/nvnoticias.mx\/index.php\/wp-json\/wp\/v2\/posts\/215539\/revisions"}],"predecessor-version":[{"id":215540,"href":"https:\/\/nvnoticias.mx\/index.php\/wp-json\/wp\/v2\/posts\/215539\/revisions\/215540"}],"wp:featuredmedia":[{"embeddable":true,"href":"https:\/\/nvnoticias.mx\/index.php\/wp-json\/wp\/v2\/media\/214213"}],"wp:attachment":[{"href":"https:\/\/nvnoticias.mx\/index.php\/wp-json\/wp\/v2\/media?parent=215539"}],"wp:term":[{"taxonomy":"category","embeddable":true,"href":"https:\/\/nvnoticias.mx\/index.php\/wp-json\/wp\/v2\/categories?post=215539"},{"taxonomy":"post_tag","embeddable":true,"href":"https:\/\/nvnoticias.mx\/index.php\/wp-json\/wp\/v2\/tags?post=215539"}],"curies":[{"name":"wp","href":"https:\/\/api.w.org\/{rel}","templated":true}]}}