{"id":215534,"date":"2026-04-26T10:03:00","date_gmt":"2026-04-26T16:03:00","guid":{"rendered":"https:\/\/nvnoticias.mx\/?p=215534"},"modified":"2026-04-26T10:03:07","modified_gmt":"2026-04-26T16:03:07","slug":"atacante-en-la-cena-de-trump-buscaba-a-funcionarios-del-gobierno-secretario-de-justicia-de-eu","status":"publish","type":"post","link":"https:\/\/nvnoticias.mx\/index.php\/2026\/04\/26\/atacante-en-la-cena-de-trump-buscaba-a-funcionarios-del-gobierno-secretario-de-justicia-de-eu\/","title":{"rendered":"Atacante en la cena de Trump buscaba a funcionarios del gobierno: secretario de Justicia de EU"},"content":{"rendered":"\n<p><\/p>\n\n\n\n<p>El hombre armado que intent\u00f3 irrumpir en el sal\u00f3n de un hotel en&nbsp;<strong>Washington<\/strong>, donde se celebraba la gala de corresponsales de la&nbsp;<strong>Casa Blanca<\/strong>, parec\u00eda apuntar contra altos funcionarios del gobierno de&nbsp;<strong>Donald Trump<\/strong>, dijo el domingo el fiscal general interino de&nbsp;<strong>Estados Unidos<\/strong>.<\/p>\n\n\n\n<p><strong>Todd Blanche<\/strong>&nbsp;declar\u00f3 a<em>&nbsp;CBS News<\/em>&nbsp;que informaci\u00f3n \u201cmuy preliminar\u201d ha llevado a los investigadores a creer que el hombre \u201cten\u00eda como objetivo a miembros del gobierno\u201d.<\/p>\n\n\n\n<p>El sospechoso, que se cree que viaj\u00f3 a Washington en tren desde&nbsp;<strong>Los \u00c1ngeles<\/strong>&nbsp;pasando por&nbsp;<strong>Chicago<\/strong>,<strong>&nbsp;\u201cno est\u00e1 cooperando activamente\u201d con la investigaci\u00f3n<\/strong>, dijo Blanche, quien se encontraba en el sal\u00f3n de baile del Washington Hilton la noche del s\u00e1bado junto con el presidente Trump y cientos de otros dignatarios y periodistas.<\/p>\n\n\n\n<p>Fuente: <a href=\"https:\/\/www.infobae.com\/estados-unidos\/2026\/04\/26\/trump-fue-probablemente-el-objetivo-del-tiroteo-ocurrido-durante-la-cena-de-corresponsales-de-la-casa-blanca-segun-fuentes-oficiales\/\">Infobae<\/a><\/p>\n","protected":false},"excerpt":{"rendered":"<p>El hombre armado que intent\u00f3 irrumpir en el sal\u00f3n de un hotel en&nbsp;Washington, donde se celebraba la gala de corresponsales de la&nbsp;Casa Blanca, parec\u00eda apuntar contra altos funcionarios del gobierno de&nbsp;Donald Trump, dijo el domingo el fiscal general interino de&nbsp;Estados Unidos. Todd Blanche&nbsp;declar\u00f3 a&nbsp;CBS News&nbsp;que informaci\u00f3n \u201cmuy preliminar\u201d ha llevado a los investigadores a creer [&hellip;]<\/p>\n","protected":false},"author":6,"featured_media":215535,"comment_status":"open","ping_status":"open","sticky":false,"template":"","format":"standard","meta":{"_monsterinsights_skip_tracking":false,"_monsterinsights_sitenote_active":false,"_monsterinsights_sitenote_note":"","_monsterinsights_sitenote_category":0,"footnotes":""},"categories":[181],"tags":[229],"class_list":["post-215534","post","type-post","status-publish","format-standard","has-post-thumbnail","hentry","category-internacional","tag-trump","wp-image-borders"],"amp_enabled":true,"_links":{"self":[{"href":"https:\/\/nvnoticias.mx\/index.php\/wp-json\/wp\/v2\/posts\/215534","targetHints":{"allow":["GET"]}}],"collection":[{"href":"https:\/\/nvnoticias.mx\/index.php\/wp-json\/wp\/v2\/posts"}],"about":[{"href":"https:\/\/nvnoticias.mx\/index.php\/wp-json\/wp\/v2\/types\/post"}],"author":[{"embeddable":true,"href":"https:\/\/nvnoticias.mx\/index.php\/wp-json\/wp\/v2\/users\/6"}],"replies":[{"embeddable":true,"href":"https:\/\/nvnoticias.mx\/index.php\/wp-json\/wp\/v2\/comments?post=215534"}],"version-history":[{"count":1,"href":"https:\/\/nvnoticias.mx\/index.php\/wp-json\/wp\/v2\/posts\/215534\/revisions"}],"predecessor-version":[{"id":215536,"href":"https:\/\/nvnoticias.mx\/index.php\/wp-json\/wp\/v2\/posts\/215534\/revisions\/215536"}],"wp:featuredmedia":[{"embeddable":true,"href":"https:\/\/nvnoticias.mx\/index.php\/wp-json\/wp\/v2\/media\/215535"}],"wp:attachment":[{"href":"https:\/\/nvnoticias.mx\/index.php\/wp-json\/wp\/v2\/media?parent=215534"}],"wp:term":[{"taxonomy":"category","embeddable":true,"href":"https:\/\/nvnoticias.mx\/index.php\/wp-json\/wp\/v2\/categories?post=215534"},{"taxonomy":"post_tag","embeddable":true,"href":"https:\/\/nvnoticias.mx\/index.php\/wp-json\/wp\/v2\/tags?post=215534"}],"curies":[{"name":"wp","href":"https:\/\/api.w.org\/{rel}","templated":true}]}}