{"id":215531,"date":"2026-04-26T09:25:34","date_gmt":"2026-04-26T15:25:34","guid":{"rendered":"https:\/\/nvnoticias.mx\/?p=215531"},"modified":"2026-04-26T09:25:41","modified_gmt":"2026-04-26T15:25:41","slug":"confirma-trump-que-fue-capturado-el-presunto-autor-del-tiroteo-en-gala-de-la-casa-blanca","status":"publish","type":"post","link":"https:\/\/nvnoticias.mx\/index.php\/2026\/04\/26\/confirma-trump-que-fue-capturado-el-presunto-autor-del-tiroteo-en-gala-de-la-casa-blanca\/","title":{"rendered":"Confirma Trump que fue capturado el presunto autor del tiroteo en gala de la Casa Blanca"},"content":{"rendered":"\n<p><\/p>\n\n\n\n<p>El presidente de Estados Unidos, Donald Trump, confirm\u00f3 la captura del presunto responsable del\u00a0tiroteo ocurrido durante la cena de corresponsales de la Casa Blanca, en Washington, a quien calific\u00f3 como\u00a0<strong>\u201cuna persona muy enferma\u201d<\/strong>\u00a0durante una rueda de prensa esta noche.<\/p>\n\n\n\n<p>Trump explic\u00f3 que el incidente ocurri\u00f3 durante\u00a0la gala de la Asociaci\u00f3n de Corresponsales de la Casa Blanca, cuando un hombre atac\u00f3 un puesto de control del Servicio Secreto\u00a0<strong>\u201ccon varias armas\u201d\u00a0<\/strong>en el\u00a0hotel Washington Hilton, donde se llevaba a cabo el evento.<\/p>\n\n\n\n<p>El sospechoso estaba armado con una escopeta, una pistola y varios cuchillos, seg\u00fan declar\u00f3 el jefe interino de la polic\u00eda de Washington D.C., Jeffery Carroll.<\/p>\n\n\n\n<p>\u201c<strong>Fue abatido por miembros muy valientes del Servicio Secreto, y actuaron con mucha rapidez<\/strong>\u201d, afirm\u00f3 el mandatario quien agreg\u00f3 que se cree que el individuo reside en California.<\/p>\n\n\n\n<p>Trump describi\u00f3 el hecho como \u201cmuy inesperado\u201d, aunque destac\u00f3 la respuesta inmediata de los cuerpos de seguridad como \u201cincre\u00edblemente r\u00e1pida por parte del Servicio Secreto y las fuerzas del orden\u201d.<\/p>\n\n\n\n<p>Agentes detuvieron al sospechoso, quien fue trasladado a un hospital local donde est\u00e1 siendo evaluado. Es acusado de dos cargos de uso de arma de fuego durante un delito violento y un segundo delito de agresi\u00f3n a un agente federal con un arma peligrosa, dijo Jeanine Pirro, fiscal federal de Washington, D.C.<\/p>\n\n\n\n<p>Trump comparti\u00f3 en&nbsp;<em>Truth Social<\/em>&nbsp;un&nbsp;<strong>video del sospechoso&nbsp;<\/strong>durante la cena de corresponsales de la Casa Blanca de esta noche.<\/p>\n\n\n\n<p>En el v\u00eddeo se ve a una persona corriendo por un pasillo donde se encuentran varios agentes de seguridad. Tras pasar corriendo, al menos siete agentes de la ley desenfundan sus armas y lo persiguen.<\/p>\n\n\n\n<p>Fuente: <a href=\"https:\/\/www.elfinanciero.com.mx\/nacional\/2026\/04\/25\/que-bueno-que-el-presidente-trump-esta-bien-sheinbaum-manda-mensaje-tras-tiroteo-en-eu\/\">El Financiero<\/a><\/p>\n","protected":false},"excerpt":{"rendered":"<p>El presidente de Estados Unidos, Donald Trump, confirm\u00f3 la captura del presunto responsable del\u00a0tiroteo ocurrido durante la cena de corresponsales de la Casa Blanca, en Washington, a quien calific\u00f3 como\u00a0\u201cuna persona muy enferma\u201d\u00a0durante una rueda de prensa esta noche. Trump explic\u00f3 que el incidente ocurri\u00f3 durante\u00a0la gala de la Asociaci\u00f3n de Corresponsales de la Casa [&hellip;]<\/p>\n","protected":false},"author":6,"featured_media":215532,"comment_status":"open","ping_status":"open","sticky":false,"template":"","format":"standard","meta":{"_monsterinsights_skip_tracking":false,"_monsterinsights_sitenote_active":false,"_monsterinsights_sitenote_note":"","_monsterinsights_sitenote_category":0,"footnotes":""},"categories":[181],"tags":[582,229],"class_list":["post-215531","post","type-post","status-publish","format-standard","has-post-thumbnail","hentry","category-internacional","tag-casa-blanca","tag-trump","wp-image-borders"],"amp_enabled":true,"_links":{"self":[{"href":"https:\/\/nvnoticias.mx\/index.php\/wp-json\/wp\/v2\/posts\/215531","targetHints":{"allow":["GET"]}}],"collection":[{"href":"https:\/\/nvnoticias.mx\/index.php\/wp-json\/wp\/v2\/posts"}],"about":[{"href":"https:\/\/nvnoticias.mx\/index.php\/wp-json\/wp\/v2\/types\/post"}],"author":[{"embeddable":true,"href":"https:\/\/nvnoticias.mx\/index.php\/wp-json\/wp\/v2\/users\/6"}],"replies":[{"embeddable":true,"href":"https:\/\/nvnoticias.mx\/index.php\/wp-json\/wp\/v2\/comments?post=215531"}],"version-history":[{"count":1,"href":"https:\/\/nvnoticias.mx\/index.php\/wp-json\/wp\/v2\/posts\/215531\/revisions"}],"predecessor-version":[{"id":215533,"href":"https:\/\/nvnoticias.mx\/index.php\/wp-json\/wp\/v2\/posts\/215531\/revisions\/215533"}],"wp:featuredmedia":[{"embeddable":true,"href":"https:\/\/nvnoticias.mx\/index.php\/wp-json\/wp\/v2\/media\/215532"}],"wp:attachment":[{"href":"https:\/\/nvnoticias.mx\/index.php\/wp-json\/wp\/v2\/media?parent=215531"}],"wp:term":[{"taxonomy":"category","embeddable":true,"href":"https:\/\/nvnoticias.mx\/index.php\/wp-json\/wp\/v2\/categories?post=215531"},{"taxonomy":"post_tag","embeddable":true,"href":"https:\/\/nvnoticias.mx\/index.php\/wp-json\/wp\/v2\/tags?post=215531"}],"curies":[{"name":"wp","href":"https:\/\/api.w.org\/{rel}","templated":true}]}}