{"id":215516,"date":"2026-04-25T14:35:41","date_gmt":"2026-04-25T20:35:41","guid":{"rendered":"https:\/\/nvnoticias.mx\/?p=215516"},"modified":"2026-04-25T14:35:48","modified_gmt":"2026-04-25T20:35:48","slug":"acusa-abogado-fernando-farias-omisiones-del-exsecretario-de-marina-huachicol-fiscal","status":"publish","type":"post","link":"https:\/\/nvnoticias.mx\/index.php\/2026\/04\/25\/acusa-abogado-fernando-farias-omisiones-del-exsecretario-de-marina-huachicol-fiscal\/","title":{"rendered":"Acusa abogado de Fernando Far\u00edas omisiones del exsecretario de Marina en trama de huachicol fiscal"},"content":{"rendered":"\n<p><\/p>\n\n\n\n<p>La defensa de<strong>\u00a0Fernando Far\u00edas Laguna<\/strong>, contralmirante detenido en Argentina por su presunta participaci\u00f3n en una red de contrabando de hidrocarburos, ha puesto en el centro del debate la actuaci\u00f3n del exsecretario de Marina,\u00a0<strong>Rafael Ojeda Dur\u00e1n<\/strong>.<\/p>\n\n\n\n<p>En una entrevista concedida a\u00a0<strong>Carmen Aristegui<\/strong>, el abogado\u00a0<strong>Epigmenio Mendieta<\/strong>\u00a0acus\u00f3 omisiones graves de Ojeda Dur\u00e1n y cuestion\u00f3 la integridad de la investigaci\u00f3n encabezada por la\u00a0<strong>Fiscal\u00eda General de la Rep\u00fablica (FGR).<\/strong><\/p>\n\n\n\n<h2 class=\"wp-block-heading\" id=\"la-denuncia-interna:-el-audio-y-la-carta-de-guerrero-alcantar\">La denuncia interna: el audio y la carta de Guerrero Alc\u00e1ntar<\/h2>\n\n\n\n<p>El origen de la pol\u00e9mica y de los se\u00f1alamientos de la defensa se encuentra en la denuncia interna realizada por el contralmirante&nbsp;<strong>Fernando Rub\u00e9n Guerrero Alc\u00e1ntar<\/strong>, quien en&nbsp;<strong>junio de 2024<\/strong>&nbsp;expuso personalmente ante el entonces titular de la Secretar\u00eda de Marina la existencia de una red de huachicol fiscal operando en las aduanas mar\u00edtimas, se\u00f1alando movimientos irregulares, presiones internas y presuntos actos de corrupci\u00f3n.<\/p>\n\n\n\n<p>Guerrero Alc\u00e1ntar entreg\u00f3 su denuncia mediante una carta manuscrita, despu\u00e9s de una reuni\u00f3n en la que participaron varios mandos, de acuerdo con el testimonio de la defensa.<\/p>\n\n\n\n<p>En el\u00a0<strong>audio de esa reuni\u00f3n<\/strong>, reveladopor\u00a0<em>Aristegui Noticias<\/em>, se escucha a Guerrero Alc\u00e1ntar explicar en detalle la estructura de la red il\u00edcita, los nombres de los presuntos involucrados y los mecanismos mediante los cuales se simulaba el ingreso de combustibles al pa\u00eds.<\/p>\n\n\n\n<p>La&nbsp;<strong>carta manuscrita de Guerrero Alc\u00e1ntar<\/strong>, que forma parte del expediente judicial y a la que ha tenido acceso la defensa, describe con fechas, nombres y operaciones c\u00f3mo se estructuraba el contrabando y c\u00f3mo se manipulaban los registros y movimientos de personal.<\/p>\n\n\n\n<p>A pesar de la gravedad y precisi\u00f3n de la denuncia,&nbsp;<strong>Guerrero Alc\u00e1ntar fue asesinado semanas despu\u00e9s&nbsp;<\/strong>de exponer los hechos ante la c\u00fapula naval.<\/p>\n\n\n\n<p>Fuente: <a href=\"https:\/\/www.infobae.com\/mexico\/2026\/04\/25\/abogado-de-fernando-farias-laguna-acusa-omisiones-del-exsecretario-de-marina-en-trama-de-huachicol-fiscal\/\">Infobae<\/a><\/p>\n","protected":false},"excerpt":{"rendered":"<p>La defensa de\u00a0Fernando Far\u00edas Laguna, contralmirante detenido en Argentina por su presunta participaci\u00f3n en una red de contrabando de hidrocarburos, ha puesto en el centro del debate la actuaci\u00f3n del exsecretario de Marina,\u00a0Rafael Ojeda Dur\u00e1n. En una entrevista concedida a\u00a0Carmen Aristegui, el abogado\u00a0Epigmenio Mendieta\u00a0acus\u00f3 omisiones graves de Ojeda Dur\u00e1n y cuestion\u00f3 la integridad de la [&hellip;]<\/p>\n","protected":false},"author":6,"featured_media":215517,"comment_status":"open","ping_status":"open","sticky":false,"template":"","format":"standard","meta":{"_monsterinsights_skip_tracking":false,"_monsterinsights_sitenote_active":false,"_monsterinsights_sitenote_note":"","_monsterinsights_sitenote_category":0,"footnotes":""},"categories":[158],"tags":[33303,32301],"class_list":["post-215516","post","type-post","status-publish","format-standard","has-post-thumbnail","hentry","category-politica","tag-fernando-farias","tag-huachicol-fiscal","wp-image-borders"],"amp_enabled":true,"_links":{"self":[{"href":"https:\/\/nvnoticias.mx\/index.php\/wp-json\/wp\/v2\/posts\/215516","targetHints":{"allow":["GET"]}}],"collection":[{"href":"https:\/\/nvnoticias.mx\/index.php\/wp-json\/wp\/v2\/posts"}],"about":[{"href":"https:\/\/nvnoticias.mx\/index.php\/wp-json\/wp\/v2\/types\/post"}],"author":[{"embeddable":true,"href":"https:\/\/nvnoticias.mx\/index.php\/wp-json\/wp\/v2\/users\/6"}],"replies":[{"embeddable":true,"href":"https:\/\/nvnoticias.mx\/index.php\/wp-json\/wp\/v2\/comments?post=215516"}],"version-history":[{"count":1,"href":"https:\/\/nvnoticias.mx\/index.php\/wp-json\/wp\/v2\/posts\/215516\/revisions"}],"predecessor-version":[{"id":215518,"href":"https:\/\/nvnoticias.mx\/index.php\/wp-json\/wp\/v2\/posts\/215516\/revisions\/215518"}],"wp:featuredmedia":[{"embeddable":true,"href":"https:\/\/nvnoticias.mx\/index.php\/wp-json\/wp\/v2\/media\/215517"}],"wp:attachment":[{"href":"https:\/\/nvnoticias.mx\/index.php\/wp-json\/wp\/v2\/media?parent=215516"}],"wp:term":[{"taxonomy":"category","embeddable":true,"href":"https:\/\/nvnoticias.mx\/index.php\/wp-json\/wp\/v2\/categories?post=215516"},{"taxonomy":"post_tag","embeddable":true,"href":"https:\/\/nvnoticias.mx\/index.php\/wp-json\/wp\/v2\/tags?post=215516"}],"curies":[{"name":"wp","href":"https:\/\/api.w.org\/{rel}","templated":true}]}}