{"id":215513,"date":"2026-04-25T14:23:38","date_gmt":"2026-04-25T20:23:38","guid":{"rendered":"https:\/\/nvnoticias.mx\/?p=215513"},"modified":"2026-04-25T14:23:46","modified_gmt":"2026-04-25T20:23:46","slug":"mexico-entra-a-las-masacres-por-imitacion-tras-ataque-en-teotihuacan","status":"publish","type":"post","link":"https:\/\/nvnoticias.mx\/index.php\/2026\/04\/25\/mexico-entra-a-las-masacres-por-imitacion-tras-ataque-en-teotihuacan\/","title":{"rendered":"M\u00e9xico entra a las masacres por imitaci\u00f3n, tras ataque en Teotihuac\u00e1n"},"content":{"rendered":"\n<p><\/p>\n\n\n\n<p>El\u00a0<strong>ataque\u00a0<\/strong>armado en\u00a0<strong>Teotihuac\u00e1n<\/strong>del pasado 20 de abril mete a\u00a0<strong>M\u00e9xico\u00a0<\/strong>entre los pa\u00edses donde ocurren\u00a0<strong>masacres\u00a0<\/strong>por\u00a0<strong>imitaci\u00f3n<\/strong>.\u00a0<strong>Julio C\u00e9sar Jasso Ram\u00edrez<\/strong>, de 27 a\u00f1os, dispar\u00f3 contra turistas desde la\u00a0<strong>Pir\u00e1mide de la Luna<\/strong>; mat\u00f3 a una canadiense e hiri\u00f3 a 13 personas antes de dispararse y quitarse la vida.<\/p>\n\n\n\n<p>\u201cLa escena fue brutal, p\u00fablica y deliberada\u201d, comenta la experta en ciberseguridad B\u00e1rbara Guti\u00e9rrez a <a href=\"https:\/\/www.eluniversal.com.mx\/\" target=\"_blank\" rel=\"noreferrer noopener\"><strong>EL UNIVERSAL<\/strong><\/a>. \u201cLo que ocurri\u00f3 en ese sitio\u00a0<strong>arqueol\u00f3gico\u00a0<\/strong>obliga a\u00a0<strong>M\u00e9xico\u00a0<\/strong>a entrar, de golpe, en una conversaci\u00f3n internacional que no puede evadirse, la de los\u00a0<strong>ataques\u00a0<\/strong>por imitaci\u00f3n alimentados por subculturas digitales que glorifican a\u00a0<strong>tiradores\u00a0<\/strong>masivos\u201d. Seg\u00fan primeras indagatorias, Jasso Ram\u00edrez estaba obsesionado con episodios de\u00a0<strong>violencia\u00a0<\/strong>masiva ocurridos particularmente en\u00a0<em>EU<\/em>, en espec\u00edfico sobre\u00a0<strong>Columbine<\/strong>.<\/p>\n\n\n\n<p>El Instituto para el Di\u00e1logo Estrat\u00e9gico (<strong>ISD<\/strong>) se\u00f1ala a la Comunidad del Crimen Real como el sector m\u00e1s extremo de un&nbsp;<strong>fandom&nbsp;<\/strong>online cuyos participantes \u201cse obsesionan con&nbsp;<strong>asesinos&nbsp;<\/strong>de alto perfil y a veces intentan una violencia similar\u201d, explica Guti\u00e9rrez; \u201cno se trata s\u00f3lo de curiosidad por casos criminales, sino de espacios donde el&nbsp;<strong>crimen violento<\/strong>&nbsp;se vuelve objeto de admiraci\u00f3n y, en algunos casos, de imitaci\u00f3n\u201d.<\/p>\n\n\n\n<p>El Centro para la Lucha contra el Terrorismo de West Point (<strong>CTC<\/strong>) hizo un an\u00e1lisis de este fen\u00f3meno social en febrero, en el que sostiene que la comunidad \u201cmuestra una forma de participaci\u00f3n mediada&nbsp;<strong>digitalmente&nbsp;<\/strong>en la que la violencia se convierte en un lenguaje simb\u00f3lico m\u00e1s que en un acto ideol\u00f3gico\u201d. A\u00f1ade que su estructura permite pasar a subculturas \u201cm\u00e1s cerradas y transgresoras que celebran a perpetradores\u201d.<\/p>\n\n\n\n<p>Cody Zoschak, analista del ISD, explic\u00f3 que \u201chemos visto esta conducta con asesinos seriales y con tiradores masivos desde mucho antes de Columbine. Lo que hizo Columbine fue darle una est\u00e9tica definida\u201d, asegura que \u201cno son ecosistemas aislados; interact\u00faan entre s\u00ed\u201d. Menciona que \u201chay circuitos que se tocan, se superponen y se refuerzan\u201d.<\/p>\n\n\n\n<p>La plataforma digital&nbsp;<strong>Discord&nbsp;<\/strong>es la m\u00e1s se\u00f1alada para el encuentro virtual de este tipo de subculturas; el ISD ubic\u00f3 a participantes en Tumblr, Telegram, X y otros espacios y advirti\u00f3 que algunos no se quedan en el intercambio de im\u00e1genes o referencias, sino que atacan \u201cpara rendir homenaje a sus asesinos favoritos\u201d o para \u201cganar notoriedad\u201d. Europol confirm\u00f3 que el problema ya se mueve tambi\u00e9n por entornos de juego y streaming. El ISD se\u00f1al\u00f3 que estas subculturas son \u201cdescentralizadas, multiplataforma y muy \u00e1giles\u201d.<\/p>\n\n\n\n<p>En EU, el ISD revis\u00f3 los datos de 2024 y 2025 y encontr\u00f3 al menos siete tiroteos escolares y nueve complots de tiroteo escolar frustrados vinculados con individuos relacionados con la comunidad. Su balance a\u00f1adi\u00f3 que 11 v\u00edctimas murieron y 45 resultaron heridas en esos casos y que esas agresiones fueron \u201csignificativamente m\u00e1s letales\u201d que las ligadas a movimientos extremistas m\u00e1s claramente ideol\u00f3gicos en el mismo periodo.<\/p>\n\n\n\n<p>El estudio de West Point concluy\u00f3 que los perpetradores vinculados con la comunidad suelen actuar en un ambiente h\u00edbrido \u201cdonde lo&nbsp;<strong>antisocial<\/strong>, el agravio personal, las luchas de identidad y las normas subculturales online se cruzan para crear una sensaci\u00f3n de normalizaci\u00f3n de la&nbsp;<strong>violencia<\/strong>\u201d.<\/p>\n\n\n\n<p>Jennifer B. Johnston, investigadora de Western New Mexico University citada por la Asociaci\u00f3n Estadounidense de Psicolog\u00eda, (APA), pregunt\u00f3 \u201c\u00bfes posible determinar qu\u00e9 fue primero?, \u00bfm\u00e1s tiroteos llevan a m\u00e1s cobertura, o es posible que m\u00e1s cobertura lleve a m\u00e1s tiroteos?\u201d. Jillian Peterson, cofundadora de The Violence Project, dijo: \u201cSabemos que los tiroteos masivos son socialmente contagiosos y tienden a ocurrir en racimos\u201d.<\/p>\n\n\n\n<p>Jeffrey Swanson, profesor de Psiquiatr\u00eda y Ciencias del Comportamiento en Duke University School of Medicine y doctor en Sociolog\u00eda, se\u00f1al\u00f3 que \u201cla violencia armada y la violencia en general son incre\u00edblemente complicadas. Las causan muchas cosas que interact\u00faan entre s\u00ed\u201d; y a\u00f1adi\u00f3 que \u201cla gran mayor\u00eda de las personas con enfermedades mentales graves no son violentas\u201d. \u201cNo podemos reducir todo lo que sucede en estos casos a la salud mental, no s\u00f3lo resultar\u00eda impreciso; tambi\u00e9n desviar\u00eda la atenci\u00f3n de factores concretos que s\u00ed permiten prevenir estas situaciones\u201d, advierte Guti\u00e9rrez.<\/p>\n\n\n\n<p>Lina Alathari, jefa del Centro Nacional de Evaluaci\u00f3n de Amenazas del Servicio Secreto, indic\u00f3 que debe haber una intervenci\u00f3n temprana \u201cno con base en perfiles, sino en comprender las causas de ra\u00edz que finalmente llevan a la violencia\u201d. Y a\u00f1adi\u00f3 que \u201clos estudiantes est\u00e1n en la mejor posici\u00f3n para identificar y reportar conductas preocupantes\u201d de sus compa\u00f1eros.<\/p>\n\n\n\n<p>Fuente: <a href=\"https:\/\/www.eluniversal.com.mx\/mundo\/mexico-entra-a-las-masacres-por-imitacion\/\">El Universal<\/a><\/p>\n","protected":false},"excerpt":{"rendered":"<p>El\u00a0ataque\u00a0armado en\u00a0Teotihuac\u00e1ndel pasado 20 de abril mete a\u00a0M\u00e9xico\u00a0entre los pa\u00edses donde ocurren\u00a0masacres\u00a0por\u00a0imitaci\u00f3n.\u00a0Julio C\u00e9sar Jasso Ram\u00edrez, de 27 a\u00f1os, dispar\u00f3 contra turistas desde la\u00a0Pir\u00e1mide de la Luna; mat\u00f3 a una canadiense e hiri\u00f3 a 13 personas antes de dispararse y quitarse la vida. \u201cLa escena fue brutal, p\u00fablica y deliberada\u201d, comenta la experta en ciberseguridad B\u00e1rbara [&hellip;]<\/p>\n","protected":false},"author":6,"featured_media":215514,"comment_status":"open","ping_status":"open","sticky":false,"template":"","format":"standard","meta":{"_monsterinsights_skip_tracking":false,"_monsterinsights_sitenote_active":false,"_monsterinsights_sitenote_note":"","_monsterinsights_sitenote_category":0,"footnotes":""},"categories":[157],"tags":[16630,162,12162],"class_list":["post-215513","post","type-post","status-publish","format-standard","has-post-thumbnail","hentry","category-nacional","tag-masacres","tag-portada","tag-teotihuacan-2","wp-image-borders"],"amp_enabled":true,"_links":{"self":[{"href":"https:\/\/nvnoticias.mx\/index.php\/wp-json\/wp\/v2\/posts\/215513","targetHints":{"allow":["GET"]}}],"collection":[{"href":"https:\/\/nvnoticias.mx\/index.php\/wp-json\/wp\/v2\/posts"}],"about":[{"href":"https:\/\/nvnoticias.mx\/index.php\/wp-json\/wp\/v2\/types\/post"}],"author":[{"embeddable":true,"href":"https:\/\/nvnoticias.mx\/index.php\/wp-json\/wp\/v2\/users\/6"}],"replies":[{"embeddable":true,"href":"https:\/\/nvnoticias.mx\/index.php\/wp-json\/wp\/v2\/comments?post=215513"}],"version-history":[{"count":1,"href":"https:\/\/nvnoticias.mx\/index.php\/wp-json\/wp\/v2\/posts\/215513\/revisions"}],"predecessor-version":[{"id":215515,"href":"https:\/\/nvnoticias.mx\/index.php\/wp-json\/wp\/v2\/posts\/215513\/revisions\/215515"}],"wp:featuredmedia":[{"embeddable":true,"href":"https:\/\/nvnoticias.mx\/index.php\/wp-json\/wp\/v2\/media\/215514"}],"wp:attachment":[{"href":"https:\/\/nvnoticias.mx\/index.php\/wp-json\/wp\/v2\/media?parent=215513"}],"wp:term":[{"taxonomy":"category","embeddable":true,"href":"https:\/\/nvnoticias.mx\/index.php\/wp-json\/wp\/v2\/categories?post=215513"},{"taxonomy":"post_tag","embeddable":true,"href":"https:\/\/nvnoticias.mx\/index.php\/wp-json\/wp\/v2\/tags?post=215513"}],"curies":[{"name":"wp","href":"https:\/\/api.w.org\/{rel}","templated":true}]}}