{"id":215503,"date":"2026-04-25T13:58:58","date_gmt":"2026-04-25T19:58:58","guid":{"rendered":"https:\/\/nvnoticias.mx\/?p=215503"},"modified":"2026-04-25T13:59:05","modified_gmt":"2026-04-25T19:59:05","slug":"esta-por-llegar-la-canicula-con-las-temperaturas-mas-altas-en-mexico","status":"publish","type":"post","link":"https:\/\/nvnoticias.mx\/index.php\/2026\/04\/25\/esta-por-llegar-la-canicula-con-las-temperaturas-mas-altas-en-mexico\/","title":{"rendered":"Est\u00e1 por llegar la can\u00edcula con las temperaturas m\u00e1s altas en M\u00e9xico"},"content":{"rendered":"\n<p><\/p>\n\n\n\n<p>La can\u00edcula es un fen\u00f3meno clim\u00e1tico&nbsp;que se presenta cada a\u00f1o durante el verano y est\u00e1 identificado por autoridades como el Servicio Meteorol\u00f3gico Nacional (SMN), la Comisi\u00f3n Nacional del Agua (Conagua) y el Centro Nacional de Prevenci\u00f3n de Desastres (Cenapred).&nbsp;<\/p>\n\n\n\n<p>Se trata de un periodo caracterizado por una disminuci\u00f3n de las lluvias dentro de la propia temporada pluvial, acompa\u00f1ado de un incremento en las temperaturas, cielos despejados y mayor radiaci\u00f3n solar.<\/p>\n\n\n\n<p>A diferencia de una sequ\u00eda prolongada, la can\u00edcula no implica la ausencia total de precipitaciones a largo plazo, sino una pausa temporal en las lluvias que genera calor extremo en diversas regiones del pa\u00eds.<\/p>\n\n\n\n<p>\u00bfQu\u00e9 es la can\u00edcula y cu\u00e1les son sus caracter\u00edsticas?<br>De acuerdo con definiciones de organismos federales, este fen\u00f3meno tiene su origen en patrones atmosf\u00e9ricos espec\u00edficos.&nbsp;<\/p>\n\n\n\n<p>Su nombre proviene de la constelaci\u00f3n del Can Mayor y de la estrella Sirio, conocida como \u201cLa Abrasadora\u201d, cuya aparici\u00f3n coincid\u00eda hist\u00f3ricamente con los periodos de calor m\u00e1s intenso.<\/p>\n\n\n\n<p>Entre sus principales caracter\u00edsticas se encuentran temperaturas que pueden superar los 37 grados Celsius e incluso rebasar los 40 grados en zonas particularmente afectadas. A esto se suma una reducci\u00f3n considerable de lluvias \u2014conocida como estiaje interestival\u2014, as\u00ed como cielos despejados y un aumento en la radiaci\u00f3n solar.<\/p>\n\n\n\n<p>Este comportamiento clim\u00e1tico est\u00e1 asociado al fortalecimiento de los vientos alisios, los cuales inhiben la formaci\u00f3n de nubes, reduciendo la probabilidad de precipitaciones durante varias semanas.<\/p>\n\n\n\n<p>\u00bfCu\u00e1ndo inicia la can\u00edcula en 2026?<br>Con base en registros hist\u00f3ricos y patrones climatol\u00f3gicos, se prev\u00e9 que la can\u00edcula en 2026 inicie alrededor del 15 de julio y se extienda hasta finales de agosto, con una duraci\u00f3n aproximada de 40 d\u00edas.&nbsp;<\/p>\n\n\n\n<p>Este comportamiento es consistente con a\u00f1os anteriores, ya que el fen\u00f3meno suele comenzar semanas despu\u00e9s del solsticio de verano, que ocurre el 21 de junio.<\/p>\n\n\n\n<p>No obstante, autoridades meteorol\u00f3gicas advierten que la duraci\u00f3n e intensidad pueden variar dependiendo de condiciones atmosf\u00e9ricas globales, como el fen\u00f3meno ENSO (El Ni\u00f1o-Oscilaci\u00f3n del Sur).&nbsp;<\/p>\n\n\n\n<p>Para 2026, existe la posibilidad de una transici\u00f3n hacia condiciones de El Ni\u00f1o durante el verano, lo que podr\u00eda favorecer lluvias por debajo del promedio en algunas regiones y una menor actividad cicl\u00f3nica, intensificando los efectos del estiaje.<\/p>\n\n\n\n<p>Hasta abril de 2026, no se ha emitido un bolet\u00edn que modifique estas previsiones, por lo que la estimaci\u00f3n se mantiene basada en los cambios climatol\u00f3gicos hist\u00f3ricos.<\/p>\n\n\n\n<p>\u00bfQu\u00e9 estados suelen ser m\u00e1s afectados?<br>La can\u00edcula impacta regiones del noreste, centro-oriente, centro-sur, el Pac\u00edfico sur, el Golfo de M\u00e9xico y la Pen\u00ednsula de Yucat\u00e1n.&nbsp;<\/p>\n\n\n\n<p>Entre los estados con mayor afectaci\u00f3n hist\u00f3rica destacan Veracruz, Tabasco, Tamaulipas, Nuevo Le\u00f3n, San Luis Potos\u00ed, Colima, Michoac\u00e1n, Guerrero, Oaxaca y Chiapas.<\/p>\n\n\n\n<p>Otras entidades que tambi\u00e9n registran efectos relevantes incluyen Campeche, Hidalgo, Morelos, Puebla, Quintana Roo, Tlaxcala y Yucat\u00e1n.&nbsp;<\/p>\n\n\n\n<p>En contraste, zonas como la Ciudad de M\u00e9xico, Zacatecas, Aguascalientes, Coahuila y Quer\u00e9taro presentan impactos menores o poco significativos.<\/p>\n\n\n\n<p>La intensidad del fen\u00f3meno var\u00eda cada a\u00f1o, pero en regiones del noreste y del Golfo de M\u00e9xico el incremento de temperatura y la disminuci\u00f3n de lluvias suelen ser m\u00e1s marcados.<\/p>\n\n\n\n<p>Fuente: <a href=\"https:\/\/www.milenio.com\/el-clima\/canicula-2026-preven-hasta-40-dias-de-calor-extremo-y-baja-de-lluvias\">Milenio<\/a><\/p>\n","protected":false},"excerpt":{"rendered":"<p>La can\u00edcula es un fen\u00f3meno clim\u00e1tico&nbsp;que se presenta cada a\u00f1o durante el verano y est\u00e1 identificado por autoridades como el Servicio Meteorol\u00f3gico Nacional (SMN), la Comisi\u00f3n Nacional del Agua (Conagua) y el Centro Nacional de Prevenci\u00f3n de Desastres (Cenapred).&nbsp; Se trata de un periodo caracterizado por una disminuci\u00f3n de las lluvias dentro de la propia [&hellip;]<\/p>\n","protected":false},"author":6,"featured_media":215504,"comment_status":"open","ping_status":"open","sticky":false,"template":"","format":"standard","meta":{"_monsterinsights_skip_tracking":false,"_monsterinsights_sitenote_active":false,"_monsterinsights_sitenote_note":"","_monsterinsights_sitenote_category":0,"footnotes":""},"categories":[157],"tags":[17250,162],"class_list":["post-215503","post","type-post","status-publish","format-standard","has-post-thumbnail","hentry","category-nacional","tag-canicula","tag-portada","wp-image-borders"],"amp_enabled":true,"_links":{"self":[{"href":"https:\/\/nvnoticias.mx\/index.php\/wp-json\/wp\/v2\/posts\/215503","targetHints":{"allow":["GET"]}}],"collection":[{"href":"https:\/\/nvnoticias.mx\/index.php\/wp-json\/wp\/v2\/posts"}],"about":[{"href":"https:\/\/nvnoticias.mx\/index.php\/wp-json\/wp\/v2\/types\/post"}],"author":[{"embeddable":true,"href":"https:\/\/nvnoticias.mx\/index.php\/wp-json\/wp\/v2\/users\/6"}],"replies":[{"embeddable":true,"href":"https:\/\/nvnoticias.mx\/index.php\/wp-json\/wp\/v2\/comments?post=215503"}],"version-history":[{"count":1,"href":"https:\/\/nvnoticias.mx\/index.php\/wp-json\/wp\/v2\/posts\/215503\/revisions"}],"predecessor-version":[{"id":215505,"href":"https:\/\/nvnoticias.mx\/index.php\/wp-json\/wp\/v2\/posts\/215503\/revisions\/215505"}],"wp:featuredmedia":[{"embeddable":true,"href":"https:\/\/nvnoticias.mx\/index.php\/wp-json\/wp\/v2\/media\/215504"}],"wp:attachment":[{"href":"https:\/\/nvnoticias.mx\/index.php\/wp-json\/wp\/v2\/media?parent=215503"}],"wp:term":[{"taxonomy":"category","embeddable":true,"href":"https:\/\/nvnoticias.mx\/index.php\/wp-json\/wp\/v2\/categories?post=215503"},{"taxonomy":"post_tag","embeddable":true,"href":"https:\/\/nvnoticias.mx\/index.php\/wp-json\/wp\/v2\/tags?post=215503"}],"curies":[{"name":"wp","href":"https:\/\/api.w.org\/{rel}","templated":true}]}}