{"id":215489,"date":"2026-04-25T13:11:30","date_gmt":"2026-04-25T19:11:30","guid":{"rendered":"https:\/\/nvnoticias.mx\/?p=215489"},"modified":"2026-04-25T13:11:38","modified_gmt":"2026-04-25T19:11:38","slug":"regana-norona-a-sansores-por-adelantarse-a-morena","status":"publish","type":"post","link":"https:\/\/nvnoticias.mx\/index.php\/2026\/04\/25\/regana-norona-a-sansores-por-adelantarse-a-morena\/","title":{"rendered":"\u2018Rega\u00f1a\u2019 Noro\u00f1a a Sansores por adelantarse a Morena"},"content":{"rendered":"\n<p><\/p>\n\n\n\n<p>Gerardo Fern\u00e1ndez Noro\u00f1a \u2018rega\u00f1\u00f3\u2019 a Layda Sansores, gobernadora de Campeche, para inclinar la balanza para el proceso electoral a favor de uno de sus allegados y saltarse el proceso interno que suele celebrar Morena para definir las candidaturas.<\/p>\n\n\n\n<p>El senador por Morena reconoci\u00f3 que les \u201cva a ir muy mal en la elecci\u00f3n\u201d, ya que Sansores excluy\u00f3 a los partidos aliados como el PT y Verde, adem\u00e1s de que no respet\u00f3 el camino que marc\u00f3 Morena para definir a los aspirantes.<\/p>\n\n\n\n<blockquote class=\"wp-block-quote is-layout-flow wp-block-quote-is-layout-flow\">\n<p>\u201cSali\u00f3 a decir que el candidato va a ser perengano, pues si todav\u00eda no se hacen las encuestas. Hay compa\u00f1eros y compa\u00f1eras que tienen derecho a aspirar. Est\u00e1 dejando fuera al PT y al Verde, que sin esos votos no hubi\u00e9ramos ganado. Est\u00e1 equivoc\u00e1ndose absolutamente\u201d, dijo durante una transmisi\u00f3n en vivo en sus redes sociales.<\/p>\n<\/blockquote>\n\n\n\n<p>En el \u00faltimo a\u00f1o de la administraci\u00f3n de Layda Sansores, se vio envuelta en m\u00faltiples pol\u00e9micas, incluida el rompimiento de diputados con el gobierno estatal por la supuesta persecuci\u00f3n pol\u00edtica, que los orill\u00f3 a restaurar el fuero de los legisladores en Campeche para evitar detenciones arbitrarias.<\/p>\n\n\n\n<p>Tambi\u00e9n surgieron se\u00f1alamientos sobre la intervenci\u00f3n del gobierno y autoridades campechanas para asignar a una nueva titular en la Universidad Aut\u00f3noma de Campeche, luego que&nbsp;<strong>Jos\u00e9 Alberto Abud fuera detenido por presunta portaci\u00f3n de droga<\/strong>&nbsp;sin comprobar la acusaci\u00f3n.<\/p>\n\n\n\n<h2 class=\"wp-block-heading\">\u00bfQui\u00e9n es el candidato que Layda Sansores propone para las elecciones del 2027?<\/h2>\n\n\n\n<p>Layda Sansores, gobernadora de Campeche, nombr\u00f3 a&nbsp;<strong>Pablo Guti\u00e9rrez Lazarus<\/strong>, actual alcalde del Carmen, como coordinador estatal para la Defensa de la Transformaci\u00f3n, posici\u00f3n que lo coloca como la principal carta de&nbsp;<strong>Morena&nbsp;<\/strong>rumbo a las elecciones gubernamentales del pr\u00f3ximo a\u00f1o.<\/p>\n\n\n\n<p>La secretaria de Gobierno,&nbsp;<strong>Liz Hern\u00e1ndez<\/strong>, era la rival principal y competidora para alcanzar la candidatura al gobierno del estado en las elecciones a celebrar el pr\u00f3ximo a\u00f1o.<\/p>\n\n\n\n<p>Durante una rueda de prensa, Sansores hizo un llamado para pedir la unidad y total respaldo para el alcalde del Carmen para evitar divisiones al interior de Morena.<\/p>\n\n\n\n<p>Fuente: <a href=\"https:\/\/www.elfinanciero.com.mx\/nacional\/2026\/04\/25\/norona-regana-a-sansores-por-adelantarse-a-morena-y-empujar-candidatura-de-morenista-esta-equivocada\/\">El Financiero<\/a><\/p>\n","protected":false},"excerpt":{"rendered":"<p>Gerardo Fern\u00e1ndez Noro\u00f1a \u2018rega\u00f1\u00f3\u2019 a Layda Sansores, gobernadora de Campeche, para inclinar la balanza para el proceso electoral a favor de uno de sus allegados y saltarse el proceso interno que suele celebrar Morena para definir las candidaturas. El senador por Morena reconoci\u00f3 que les \u201cva a ir muy mal en la elecci\u00f3n\u201d, ya que [&hellip;]<\/p>\n","protected":false},"author":6,"featured_media":215490,"comment_status":"open","ping_status":"open","sticky":false,"template":"","format":"standard","meta":{"_monsterinsights_skip_tracking":false,"_monsterinsights_sitenote_active":false,"_monsterinsights_sitenote_note":"","_monsterinsights_sitenote_category":0,"footnotes":""},"categories":[158],"tags":[8970,6874],"class_list":["post-215489","post","type-post","status-publish","format-standard","has-post-thumbnail","hentry","category-politica","tag-gerardo-fernandez-norona","tag-layda-sansores","wp-image-borders"],"amp_enabled":true,"_links":{"self":[{"href":"https:\/\/nvnoticias.mx\/index.php\/wp-json\/wp\/v2\/posts\/215489","targetHints":{"allow":["GET"]}}],"collection":[{"href":"https:\/\/nvnoticias.mx\/index.php\/wp-json\/wp\/v2\/posts"}],"about":[{"href":"https:\/\/nvnoticias.mx\/index.php\/wp-json\/wp\/v2\/types\/post"}],"author":[{"embeddable":true,"href":"https:\/\/nvnoticias.mx\/index.php\/wp-json\/wp\/v2\/users\/6"}],"replies":[{"embeddable":true,"href":"https:\/\/nvnoticias.mx\/index.php\/wp-json\/wp\/v2\/comments?post=215489"}],"version-history":[{"count":1,"href":"https:\/\/nvnoticias.mx\/index.php\/wp-json\/wp\/v2\/posts\/215489\/revisions"}],"predecessor-version":[{"id":215491,"href":"https:\/\/nvnoticias.mx\/index.php\/wp-json\/wp\/v2\/posts\/215489\/revisions\/215491"}],"wp:featuredmedia":[{"embeddable":true,"href":"https:\/\/nvnoticias.mx\/index.php\/wp-json\/wp\/v2\/media\/215490"}],"wp:attachment":[{"href":"https:\/\/nvnoticias.mx\/index.php\/wp-json\/wp\/v2\/media?parent=215489"}],"wp:term":[{"taxonomy":"category","embeddable":true,"href":"https:\/\/nvnoticias.mx\/index.php\/wp-json\/wp\/v2\/categories?post=215489"},{"taxonomy":"post_tag","embeddable":true,"href":"https:\/\/nvnoticias.mx\/index.php\/wp-json\/wp\/v2\/tags?post=215489"}],"curies":[{"name":"wp","href":"https:\/\/api.w.org\/{rel}","templated":true}]}}