{"id":215485,"date":"2026-04-25T13:01:47","date_gmt":"2026-04-25T19:01:47","guid":{"rendered":"https:\/\/nvnoticias.mx\/?p=215485"},"modified":"2026-04-25T13:01:54","modified_gmt":"2026-04-25T19:01:54","slug":"obligaran-a-empresas-a-cumplimiento-ambiental-en-el-rio-atoyac","status":"publish","type":"post","link":"https:\/\/nvnoticias.mx\/index.php\/2026\/04\/25\/obligaran-a-empresas-a-cumplimiento-ambiental-en-el-rio-atoyac\/","title":{"rendered":"Obligar\u00e1n a empresas a cumplimiento ambiental en el r\u00edo Atoyac"},"content":{"rendered":"\n<p><\/p>\n\n\n\n<p><strong>Sam Ojeda &#8211; NV Noticias<\/strong><\/p>\n\n\n\n<p>Xalapa.- El Gobierno de Veracruz anunci\u00f3 que forzar\u00e1 a empresas, instalaciones e industrias asentadas en la cuenca del r\u00edo Atoyac a regular sus descargas, como parte de la estrategia de saneamiento de este afluente, considerado entre los m\u00e1s contaminados del pa\u00eds.<\/p>\n\n\n\n<p>Durante una gira de trabajo en la regi\u00f3n, la gobernadora Roc\u00edo Nahle Garc\u00eda dej\u00f3 claro que la medida no estar\u00e1 centrada en sanciones econ\u00f3micas, sino en hacer cumplir la normatividad ambiental vigente.<\/p>\n\n\n\n<blockquote class=\"wp-block-quote is-layout-flow wp-block-quote-is-layout-flow\">\n<p>\u201cNo es multar, yo no vengo aqu\u00ed a multar a nadie pero tienen que cumplir. Es s\u00ed o s\u00ed y en eso estamos\u201d.<\/p>\n<\/blockquote>\n\n\n\n<p>La mandataria estatal se\u00f1al\u00f3 que el problema de contaminaci\u00f3n no se origina \u00fanicamente en Veracruz, sino que comienza en Puebla, desde donde fluye el r\u00edo hacia municipios como C\u00f3rdoba y Atoyac, donde incluso forma una cascada que es atractivo natural.<\/p>\n\n\n\n<blockquote class=\"wp-block-quote is-layout-flow wp-block-quote-is-layout-flow\">\n<p>\u201cEmpez\u00f3 con Puebla, y vamos a bajar aqu\u00ed ya mand\u00e9 a la Secretar\u00eda del Medio Ambiente, deben poner filtros, se debe cumplir con la norma, pero no nada es que se debe: los vamos a obligar. Tienen la obligaci\u00f3n, no hay si quieren o no quieren. Lo tienen que hacer y nuestro inter\u00e9s es hablar y que las cosas se hagan\u201d.<\/p>\n<\/blockquote>\n\n\n\n<p>Indic\u00f3 que estas acciones forman parte de un programa nacional impulsado por la presidenta Claudia Sheinbaum Pardo, en coordinaci\u00f3n con la Comisi\u00f3n Nacional del Agua (Conagua), para atender la contaminaci\u00f3n del r\u00edo desde su origen.<\/p>\n\n\n\n<blockquote class=\"wp-block-quote is-layout-flow wp-block-quote-is-layout-flow\">\n<p>\u201cS\u00ed, miren ese es un programa nacional, esto es muy importante, el R\u00edo Atoyac viene desde arriba, y ya la Presidenta Claudia Sheinbaum con la Comisi\u00f3n Nacional del Agua (Conagua) empez\u00f3 con el saneamiento del r\u00edo Atoyac agua arriba porque el r\u00edo Atoyac viene desde arriba\u201d.<\/p>\n<\/blockquote>\n\n\n\n<p>En el mismo recorrido, Nahle Garc\u00eda inform\u00f3 sobre obras de infraestructura carretera en la regi\u00f3n, entre ellas la construcci\u00f3n de un tramo de cinco kil\u00f3metros con concreto hidr\u00e1ulico entre Motzorongo y Tezonapa.<\/p>\n\n\n\n<blockquote class=\"wp-block-quote is-layout-flow wp-block-quote-is-layout-flow\">\n<p>\u201cTezonapa ya hicimos, acabo de inaugurar, Tezonapa a Motzorongo, cinco kil\u00f3metros de concreto hidra\u00falico, es la \u00fanica que hice de concreto y voy a ir a Cuitl\u00e1huac y voy a platicar con la alcaldesa, por que traemos ah\u00ed tramos tambi\u00e9n\u201d.<\/p>\n<\/blockquote>\n","protected":false},"excerpt":{"rendered":"<p>Sam Ojeda &#8211; NV Noticias Xalapa.- El Gobierno de Veracruz anunci\u00f3 que forzar\u00e1 a empresas, instalaciones e industrias asentadas en la cuenca del r\u00edo Atoyac a regular sus descargas, como parte de la estrategia de saneamiento de este afluente, considerado entre los m\u00e1s contaminados del pa\u00eds. Durante una gira de trabajo en la regi\u00f3n, la [&hellip;]<\/p>\n","protected":false},"author":6,"featured_media":215486,"comment_status":"open","ping_status":"open","sticky":false,"template":"","format":"standard","meta":{"_monsterinsights_skip_tracking":false,"_monsterinsights_sitenote_active":false,"_monsterinsights_sitenote_note":"","_monsterinsights_sitenote_category":0,"footnotes":""},"categories":[156],"tags":[33301],"class_list":["post-215485","post","type-post","status-publish","format-standard","has-post-thumbnail","hentry","category-estado","tag-rio-atoyac","wp-image-borders"],"amp_enabled":true,"_links":{"self":[{"href":"https:\/\/nvnoticias.mx\/index.php\/wp-json\/wp\/v2\/posts\/215485","targetHints":{"allow":["GET"]}}],"collection":[{"href":"https:\/\/nvnoticias.mx\/index.php\/wp-json\/wp\/v2\/posts"}],"about":[{"href":"https:\/\/nvnoticias.mx\/index.php\/wp-json\/wp\/v2\/types\/post"}],"author":[{"embeddable":true,"href":"https:\/\/nvnoticias.mx\/index.php\/wp-json\/wp\/v2\/users\/6"}],"replies":[{"embeddable":true,"href":"https:\/\/nvnoticias.mx\/index.php\/wp-json\/wp\/v2\/comments?post=215485"}],"version-history":[{"count":1,"href":"https:\/\/nvnoticias.mx\/index.php\/wp-json\/wp\/v2\/posts\/215485\/revisions"}],"predecessor-version":[{"id":215487,"href":"https:\/\/nvnoticias.mx\/index.php\/wp-json\/wp\/v2\/posts\/215485\/revisions\/215487"}],"wp:featuredmedia":[{"embeddable":true,"href":"https:\/\/nvnoticias.mx\/index.php\/wp-json\/wp\/v2\/media\/215486"}],"wp:attachment":[{"href":"https:\/\/nvnoticias.mx\/index.php\/wp-json\/wp\/v2\/media?parent=215485"}],"wp:term":[{"taxonomy":"category","embeddable":true,"href":"https:\/\/nvnoticias.mx\/index.php\/wp-json\/wp\/v2\/categories?post=215485"},{"taxonomy":"post_tag","embeddable":true,"href":"https:\/\/nvnoticias.mx\/index.php\/wp-json\/wp\/v2\/tags?post=215485"}],"curies":[{"name":"wp","href":"https:\/\/api.w.org\/{rel}","templated":true}]}}