{"id":215473,"date":"2026-04-25T11:25:11","date_gmt":"2026-04-25T17:25:11","guid":{"rendered":"https:\/\/nvnoticias.mx\/?p=215473"},"modified":"2026-04-25T11:25:18","modified_gmt":"2026-04-25T17:25:18","slug":"preparan-elenco-del-salsa-fest","status":"publish","type":"post","link":"https:\/\/nvnoticias.mx\/index.php\/2026\/04\/25\/preparan-elenco-del-salsa-fest\/","title":{"rendered":"Preparan elenco del Salsa Fest"},"content":{"rendered":"\n<p><\/p>\n\n\n\n<p><strong>Sam Ojeda &#8211; NV Noticias<\/strong><\/p>\n\n\n\n<p>Xalapa.- El Gobierno de Veracruz defendi\u00f3 la realizaci\u00f3n de espect\u00e1culos masivos como parte de una pol\u00edtica de bienestar social, mientras la Secretar\u00eda de Turismo contin\u00faa sin cerrar los contratos de artistas para el Salsa Fest en Boca del R\u00edo.<\/p>\n\n\n\n<p>La gobernadora Roc\u00edo Nahle Garc\u00eda plante\u00f3 que estos eventos no solo tienen impacto econ\u00f3mico o tur\u00edstico, sino que tambi\u00e9n deben entenderse como espacios de convivencia.<\/p>\n\n\n\n<blockquote class=\"wp-block-quote is-layout-flow wp-block-quote-is-layout-flow\">\n<p>\u201cEs promover la felicidad, casi nadie habla de eso, pero hay que hablarlo\u201d.<\/p>\n<\/blockquote>\n\n\n\n<p>En ese contexto, confirm\u00f3 que el cartel del Salsa Fest sigue en definici\u00f3n y descart\u00f3 la participaci\u00f3n del cantante Marc Anthony, aunque asegur\u00f3 que habr\u00e1 otras figuras.<\/p>\n\n\n\n<blockquote class=\"wp-block-quote is-layout-flow wp-block-quote-is-layout-flow\">\n<p>\u201cNo viene Marc Anthony pero vamos a ver si el pr\u00f3ximo a\u00f1o, est\u00e1 muy bien, estaban todav\u00eda cerrando el tema con algunos artistas pero cada vez se consolida m\u00e1s\u201d.<\/p>\n<\/blockquote>\n\n\n\n<p>La mandataria sostuvo que este tipo de actividades forman parte de una estrategia m\u00e1s amplia que combina turismo con condiciones de seguridad y esparcimiento.<\/p>\n\n\n\n<blockquote class=\"wp-block-quote is-layout-flow wp-block-quote-is-layout-flow\">\n<p>\u201cEso nos ayuda mucho no solo en turismo y presencia, sino lo que hemos dicho en esta campa\u00f1a de seguridad, es el derecho a ser feliz\u201d.<\/p>\n<\/blockquote>\n\n\n\n<p>Como referencia, mencion\u00f3 la presentaci\u00f3n reciente del DJ Martin Garrix en el puerto de Veracruz, donde \u2014afirm\u00f3\u2014 se prioriz\u00f3 un ambiente controlado.<\/p>\n\n\n\n<blockquote class=\"wp-block-quote is-layout-flow wp-block-quote-is-layout-flow\">\n<p>\u201cAlgunos de ustedes estuvieron con el DJ y ver a los j\u00f3venes bailaron sano, porque no hubo venta de alcohol. Ya si alguien quer\u00eda ir a comprar su cerveza, bueno, pero no hubo venta de alcohol\u201d.<\/p>\n<\/blockquote>\n","protected":false},"excerpt":{"rendered":"<p>Sam Ojeda &#8211; NV Noticias Xalapa.- El Gobierno de Veracruz defendi\u00f3 la realizaci\u00f3n de espect\u00e1culos masivos como parte de una pol\u00edtica de bienestar social, mientras la Secretar\u00eda de Turismo contin\u00faa sin cerrar los contratos de artistas para el Salsa Fest en Boca del R\u00edo. La gobernadora Roc\u00edo Nahle Garc\u00eda plante\u00f3 que estos eventos no solo [&hellip;]<\/p>\n","protected":false},"author":6,"featured_media":215474,"comment_status":"open","ping_status":"open","sticky":false,"template":"","format":"standard","meta":{"_monsterinsights_skip_tracking":false,"_monsterinsights_sitenote_active":false,"_monsterinsights_sitenote_note":"","_monsterinsights_sitenote_category":0,"footnotes":""},"categories":[156],"tags":[33298],"class_list":["post-215473","post","type-post","status-publish","format-standard","has-post-thumbnail","hentry","category-estado","tag-salsa-fest-2026","wp-image-borders"],"amp_enabled":true,"_links":{"self":[{"href":"https:\/\/nvnoticias.mx\/index.php\/wp-json\/wp\/v2\/posts\/215473","targetHints":{"allow":["GET"]}}],"collection":[{"href":"https:\/\/nvnoticias.mx\/index.php\/wp-json\/wp\/v2\/posts"}],"about":[{"href":"https:\/\/nvnoticias.mx\/index.php\/wp-json\/wp\/v2\/types\/post"}],"author":[{"embeddable":true,"href":"https:\/\/nvnoticias.mx\/index.php\/wp-json\/wp\/v2\/users\/6"}],"replies":[{"embeddable":true,"href":"https:\/\/nvnoticias.mx\/index.php\/wp-json\/wp\/v2\/comments?post=215473"}],"version-history":[{"count":1,"href":"https:\/\/nvnoticias.mx\/index.php\/wp-json\/wp\/v2\/posts\/215473\/revisions"}],"predecessor-version":[{"id":215475,"href":"https:\/\/nvnoticias.mx\/index.php\/wp-json\/wp\/v2\/posts\/215473\/revisions\/215475"}],"wp:featuredmedia":[{"embeddable":true,"href":"https:\/\/nvnoticias.mx\/index.php\/wp-json\/wp\/v2\/media\/215474"}],"wp:attachment":[{"href":"https:\/\/nvnoticias.mx\/index.php\/wp-json\/wp\/v2\/media?parent=215473"}],"wp:term":[{"taxonomy":"category","embeddable":true,"href":"https:\/\/nvnoticias.mx\/index.php\/wp-json\/wp\/v2\/categories?post=215473"},{"taxonomy":"post_tag","embeddable":true,"href":"https:\/\/nvnoticias.mx\/index.php\/wp-json\/wp\/v2\/tags?post=215473"}],"curies":[{"name":"wp","href":"https:\/\/api.w.org\/{rel}","templated":true}]}}