{"id":215470,"date":"2026-04-25T11:20:24","date_gmt":"2026-04-25T17:20:24","guid":{"rendered":"https:\/\/nvnoticias.mx\/?p=215470"},"modified":"2026-04-25T11:20:32","modified_gmt":"2026-04-25T17:20:32","slug":"realiza-descacharrizacion-en-colonias-de-veracruz","status":"publish","type":"post","link":"https:\/\/nvnoticias.mx\/index.php\/2026\/04\/25\/realiza-descacharrizacion-en-colonias-de-veracruz\/","title":{"rendered":"Realiza descacharrizaci\u00f3n en colonias de Veracruz"},"content":{"rendered":"\n<p><\/p>\n\n\n\n<p><strong>Jes\u00fas Utrilla &#8211; NV Noticias<\/strong><\/p>\n\n\n\n<p>El Ayuntamiento de Veracruz puso en marcha la realizaci\u00f3n de una jornada de descacharrizaci\u00f3n, como parte de las acciones para mantener limpia la ciudad y prevenir riesgos sanitarios entre la poblaci\u00f3n.<\/p>\n\n\n\n<p>La actividad inici\u00f3 en la calle Ignacio Allende Norte, esquina con Macuiltepec, en la colonia Formando Hogar, desde donde se coordin los trabajos de recolecci\u00f3n de desechos en la zona.<\/p>\n\n\n\n<p>La jornada abarcar\u00e1 tambi\u00e9n las colonias Independencia, Miguel Alem\u00e1n, Virgilio Uribe y Pinitos, donde se invita a los habitantes a sacar objetos en desuso como muebles, electrodom\u00e9sticos, llantas y otros residuos acumulados en sus viviendas.<\/p>\n\n\n\n<p>Las autoridades municipales pusieron a disposici\u00f3n de la ciudadan\u00eda los n\u00fameros 229 202 0000 para llamadas y 229 519 4863 para mensajes, con el fin de brindar informaci\u00f3n y atenci\u00f3n durante el desarrollo de esta estrategia de limpieza urbana.<\/p>\n\n\n\n<p>Estas jornadas forman parte de un programa permanente impulsado en la ciudad de Veracruz, el cual busca fomentar la participaci\u00f3n ciudadana y reducir focos de infecci\u00f3n derivados de la acumulaci\u00f3n de basura, problem\u00e1tica que en distintas colonias ha derivado en la recolecci\u00f3n de m\u00e1s de 100 toneladas de residuos en operativos recientes. &nbsp;<\/p>\n\n\n\n<p>Las autoridades municipales exhortaron a la poblaci\u00f3n a participar en la jornada, sacando de sus hogares objetos en desuso como muebles viejos, fierros, electrodom\u00e9sticos inservibles, llantas y escombro, entre otros residuos, con el objetivo de evitar su acumulaci\u00f3n en la v\u00eda p\u00fablica y contribuir a la eliminaci\u00f3n de posibles focos de infecci\u00f3n en las colonias atendidas.<\/p>\n","protected":false},"excerpt":{"rendered":"<p>Jes\u00fas Utrilla &#8211; NV Noticias El Ayuntamiento de Veracruz puso en marcha la realizaci\u00f3n de una jornada de descacharrizaci\u00f3n, como parte de las acciones para mantener limpia la ciudad y prevenir riesgos sanitarios entre la poblaci\u00f3n. La actividad inici\u00f3 en la calle Ignacio Allende Norte, esquina con Macuiltepec, en la colonia Formando Hogar, desde donde [&hellip;]<\/p>\n","protected":false},"author":6,"featured_media":215471,"comment_status":"open","ping_status":"open","sticky":false,"template":"","format":"standard","meta":{"_monsterinsights_skip_tracking":false,"_monsterinsights_sitenote_active":false,"_monsterinsights_sitenote_note":"","_monsterinsights_sitenote_category":0,"footnotes":""},"categories":[154],"tags":[13198],"class_list":["post-215470","post","type-post","status-publish","format-standard","has-post-thumbnail","hentry","category-veracruz","tag-descacharrizacion","wp-image-borders"],"amp_enabled":true,"_links":{"self":[{"href":"https:\/\/nvnoticias.mx\/index.php\/wp-json\/wp\/v2\/posts\/215470","targetHints":{"allow":["GET"]}}],"collection":[{"href":"https:\/\/nvnoticias.mx\/index.php\/wp-json\/wp\/v2\/posts"}],"about":[{"href":"https:\/\/nvnoticias.mx\/index.php\/wp-json\/wp\/v2\/types\/post"}],"author":[{"embeddable":true,"href":"https:\/\/nvnoticias.mx\/index.php\/wp-json\/wp\/v2\/users\/6"}],"replies":[{"embeddable":true,"href":"https:\/\/nvnoticias.mx\/index.php\/wp-json\/wp\/v2\/comments?post=215470"}],"version-history":[{"count":1,"href":"https:\/\/nvnoticias.mx\/index.php\/wp-json\/wp\/v2\/posts\/215470\/revisions"}],"predecessor-version":[{"id":215472,"href":"https:\/\/nvnoticias.mx\/index.php\/wp-json\/wp\/v2\/posts\/215470\/revisions\/215472"}],"wp:featuredmedia":[{"embeddable":true,"href":"https:\/\/nvnoticias.mx\/index.php\/wp-json\/wp\/v2\/media\/215471"}],"wp:attachment":[{"href":"https:\/\/nvnoticias.mx\/index.php\/wp-json\/wp\/v2\/media?parent=215470"}],"wp:term":[{"taxonomy":"category","embeddable":true,"href":"https:\/\/nvnoticias.mx\/index.php\/wp-json\/wp\/v2\/categories?post=215470"},{"taxonomy":"post_tag","embeddable":true,"href":"https:\/\/nvnoticias.mx\/index.php\/wp-json\/wp\/v2\/tags?post=215470"}],"curies":[{"name":"wp","href":"https:\/\/api.w.org\/{rel}","templated":true}]}}