{"id":215436,"date":"2026-04-24T14:02:52","date_gmt":"2026-04-24T20:02:52","guid":{"rendered":"https:\/\/nvnoticias.mx\/?p=215436"},"modified":"2026-04-24T14:02:59","modified_gmt":"2026-04-24T20:02:59","slug":"analizara-luisa-maria-alcalde-iniciativa-para-retrasar-eleccion-judicial","status":"publish","type":"post","link":"https:\/\/nvnoticias.mx\/index.php\/2026\/04\/24\/analizara-luisa-maria-alcalde-iniciativa-para-retrasar-eleccion-judicial\/","title":{"rendered":"Analizar\u00e1 Luisa Mar\u00eda Alcalde iniciativa para retrasar elecci\u00f3n judicial"},"content":{"rendered":"\n<p>La presidenta&nbsp;Claudia Sheinbaumencomend\u00f3 una misi\u00f3n a&nbsp;Luisa Mar\u00eda Alcalde&nbsp;para cuando asuma la titularidad de la Consejer\u00eda Jur\u00eddica del Ejecutivo federal: analizar la posibilidad de&nbsp;retrasar la elecci\u00f3n judicial hasta 2028.<\/p>\n\n\n\n<p>No descart\u00f3 respaldar un posible aplazamiento de la jornada electoral. Sin embargo, se\u00f1al\u00f3 que primero se requiere una&nbsp;<strong>valoraci\u00f3n<\/strong>&nbsp;y despu\u00e9s se determinar\u00e1 si el gobierno apoya una modificaci\u00f3n para cambiar las fechas.<\/p>\n\n\n\n<p>\u201cEstamos evaluando si se pasa al 28, si hay algunos cambios adicionales que tuviera que tener para mejorar, siempre es mejorable cualquier reforma (&#8230;) si es necesario (&#8230;). Vamos a esperar a que entre Luisa y se los informamos; por lo pronto, l<strong>a elecci\u00f3n es el 27<\/strong>&nbsp;y ya con la valoraci\u00f3n, si consideramos desde el Ejecutivo que hay que hacer una modificaci\u00f3n, pues ya se enviar\u00eda\u201d, coment\u00f3.<\/p>\n\n\n\n<p>Durante el planteamiento de la\u00a0reforma electoral\u00a0y el \u2018plan B\u2019, la presidenta Claudia Sheinbaum se\u00f1al\u00f3 que buscaban\u00a0<strong>aplazar la elecci\u00f3n judicial<\/strong>. Sin embargo, desisti\u00f3 de esta alternativa y elimin\u00f3 las modificaciones legales en la iniciativa que se aprob\u00f3 y entr\u00f3 en vigor este 24 de abril.<\/p>\n\n\n\n<p>Fuente: El <a href=\"https:\/\/www.elfinanciero.com.mx\/nacional\/2026\/04\/24\/sheinbaum-da-primera-tarea-a-luisa-maria-alcalde-analizara-iniciativa-para-retrasar-eleccion-judicial\/\">Financiero<\/a><\/p>\n","protected":false},"excerpt":{"rendered":"<p>La presidenta&nbsp;Claudia Sheinbaumencomend\u00f3 una misi\u00f3n a&nbsp;Luisa Mar\u00eda Alcalde&nbsp;para cuando asuma la titularidad de la Consejer\u00eda Jur\u00eddica del Ejecutivo federal: analizar la posibilidad de&nbsp;retrasar la elecci\u00f3n judicial hasta 2028. No descart\u00f3 respaldar un posible aplazamiento de la jornada electoral. Sin embargo, se\u00f1al\u00f3 que primero se requiere una&nbsp;valoraci\u00f3n&nbsp;y despu\u00e9s se determinar\u00e1 si el gobierno apoya una modificaci\u00f3n [&hellip;]<\/p>\n","protected":false},"author":35,"featured_media":215440,"comment_status":"open","ping_status":"open","sticky":false,"template":"","format":"standard","meta":{"_monsterinsights_skip_tracking":false,"_monsterinsights_sitenote_active":false,"_monsterinsights_sitenote_note":"","_monsterinsights_sitenote_category":0,"footnotes":""},"categories":[158],"tags":[25812],"class_list":["post-215436","post","type-post","status-publish","format-standard","has-post-thumbnail","hentry","category-politica","tag-luisa-maria-alcalde","wp-image-borders"],"amp_enabled":true,"_links":{"self":[{"href":"https:\/\/nvnoticias.mx\/index.php\/wp-json\/wp\/v2\/posts\/215436","targetHints":{"allow":["GET"]}}],"collection":[{"href":"https:\/\/nvnoticias.mx\/index.php\/wp-json\/wp\/v2\/posts"}],"about":[{"href":"https:\/\/nvnoticias.mx\/index.php\/wp-json\/wp\/v2\/types\/post"}],"author":[{"embeddable":true,"href":"https:\/\/nvnoticias.mx\/index.php\/wp-json\/wp\/v2\/users\/35"}],"replies":[{"embeddable":true,"href":"https:\/\/nvnoticias.mx\/index.php\/wp-json\/wp\/v2\/comments?post=215436"}],"version-history":[{"count":4,"href":"https:\/\/nvnoticias.mx\/index.php\/wp-json\/wp\/v2\/posts\/215436\/revisions"}],"predecessor-version":[{"id":215441,"href":"https:\/\/nvnoticias.mx\/index.php\/wp-json\/wp\/v2\/posts\/215436\/revisions\/215441"}],"wp:featuredmedia":[{"embeddable":true,"href":"https:\/\/nvnoticias.mx\/index.php\/wp-json\/wp\/v2\/media\/215440"}],"wp:attachment":[{"href":"https:\/\/nvnoticias.mx\/index.php\/wp-json\/wp\/v2\/media?parent=215436"}],"wp:term":[{"taxonomy":"category","embeddable":true,"href":"https:\/\/nvnoticias.mx\/index.php\/wp-json\/wp\/v2\/categories?post=215436"},{"taxonomy":"post_tag","embeddable":true,"href":"https:\/\/nvnoticias.mx\/index.php\/wp-json\/wp\/v2\/tags?post=215436"}],"curies":[{"name":"wp","href":"https:\/\/api.w.org\/{rel}","templated":true}]}}