{"id":215393,"date":"2026-04-24T10:11:19","date_gmt":"2026-04-24T16:11:19","guid":{"rendered":"https:\/\/nvnoticias.mx\/?p=215393"},"modified":"2026-04-24T10:11:26","modified_gmt":"2026-04-24T16:11:26","slug":"exploradores-de-la-reforma-como-fue-benito-juarez-de-nino","status":"publish","type":"post","link":"https:\/\/nvnoticias.mx\/index.php\/2026\/04\/24\/exploradores-de-la-reforma-como-fue-benito-juarez-de-nino\/","title":{"rendered":"Exploradores de la Reforma, \u00bfc\u00f3mo fue Benito Ju\u00e1rez de ni\u00f1o?"},"content":{"rendered":"\n<p>Este D\u00eda del Ni\u00f1o y la Ni\u00f1a ven al Centro Cultural Leyes de Reforma y conoce m\u00e1s de la infancia del presidente Benito Ju\u00e1rez<\/p>\n\n\n\n<p>El Centro Cultural Leyes de Reforma (CCLR), recinto de la Direcci\u00f3n General de la Conservadur\u00eda de Palacio Nacional y Patrimonio Cultural de la Secretar\u00eda de Hacienda y Cr\u00e9dito P\u00fablico (SHCP), invita a las infancias a participar en las actividades que han preparado para festejar el D\u00eda del Ni\u00f1o y la Ni\u00f1a (30 de abril), este viernes 24 de abril.<\/p>\n\n\n\n<p>A partir de las 15 horas (3 pm) las y los asistentes podr\u00e1n disfrutar de una tarde de actividades creativas, l\u00fadicas y llenas de historia.<\/p>\n\n\n\n<p>El programa inicia con el taller Cineminuto en el museo, impartido por la cineasta Uzu Morales. En esta actividad las y los participantes tendr\u00e1n un acercamiento al lenguaje cinematogr\u00e1fico mientras exploran el museo de manera activa y divertida; podr\u00e1n recrear, mediante la actuaci\u00f3n, un personaje hist\u00f3rico y vivir\u00e1n junto a sus compa\u00f1eros la inigualable experiencia de un rodaje expr\u00e9s con el objetivo de vivir la experiencia cinematogr\u00e1fica.<\/p>\n\n\n\n<p>A las 16 horas la propuesta es a participar en Exploradores de la Reforma. Recordando al ni\u00f1o Benito Ju\u00e1rez, aqu\u00ed las y los peque\u00f1os recorrer\u00e1n la exposici\u00f3n de dibujos infantiles y juveniles Las Leyes de Benito; escuchar\u00e1n una narraci\u00f3n sobre la vida del Benem\u00e9rito de las Am\u00e9ricas para despu\u00e9s realizar un dibujo ilustrativo sobre el personaje, de esta manera podr\u00e1n apreciar la importancia de la ni\u00f1ez frente al paso a la vida adulta siguiendo de cerca el ejemplo del presidente.<\/p>\n\n\n\n<p>Benito Ju\u00e1rez Garc\u00eda no solo logr\u00f3 consolidarse como uno de los presidentes m\u00e1s influyentes en la historia de M\u00e9xico, legado que gozamos en la actualidad, sino que vivi\u00f3 una ni\u00f1ez bastante cotidiana como era la vida en el pa\u00eds durante el siglo XIX.<\/p>\n\n\n\n<p>Uzu Morales es realizadora veracruzana de cortometrajes y documentales. En 2019 dirigi\u00f3 su primer corto documental en el reto Docs Mx Xalapa. &#8216;Taxi&#8217;. En su trayectoria destacan trabajos nacionales e internacionales. Actualmente colabora en proyectos documentales que promueven la inclusi\u00f3n, la reflexi\u00f3n con respecto al g\u00e9nero, las infancias y las comunidades ind\u00edgenas.<\/p>\n\n\n\n<p>Para m\u00e1s informaci\u00f3n de esta y otras actividades, as\u00ed como de la programaci\u00f3n de visitas guiadas escolares, se puede consultar la cartelera en https:\/\/bit.ly\/ABRIL_2026, comunicarse al tel\u00e9fono 22 9454 0429 0 escribir al correo electr\u00f3nico leyesdereforma@hacienda.gob.mx.<\/p>\n\n\n\n<p>El Centro Cultural Leyes se encuentra en calle Jos\u00e9 Mar\u00eda Morelos y Pav\u00f3n 43, esquina Constituci\u00f3n, en la colonia Centro de la Ciudad de Veracruz, Veracruz (a un costado de Plaza de la Reforma. Todas las actividades son familiares y de entrada libre.<\/p>\n\n\n\n<p>Las redes sociales son:<\/p>\n\n\n\n<p>Facebook:<\/p>\n\n\n\n<p>Centro Cultural Leyes de Reforma<\/p>\n\n\n\n<p>Casa Benito Ju\u00e1rez<\/p>\n\n\n\n<p>Instagram: @LeyesdeReforma_cc<\/p>\n\n\n\n<p>@CasaBenitoJuarez<\/p>\n","protected":false},"excerpt":{"rendered":"<p>Este D\u00eda del Ni\u00f1o y la Ni\u00f1a ven al Centro Cultural Leyes de Reforma y conoce m\u00e1s de la infancia del presidente Benito Ju\u00e1rez El Centro Cultural Leyes de Reforma (CCLR), recinto de la Direcci\u00f3n General de la Conservadur\u00eda de Palacio Nacional y Patrimonio Cultural de la Secretar\u00eda de Hacienda y Cr\u00e9dito P\u00fablico (SHCP), invita [&hellip;]<\/p>\n","protected":false},"author":35,"featured_media":215396,"comment_status":"open","ping_status":"open","sticky":false,"template":"","format":"standard","meta":{"_monsterinsights_skip_tracking":false,"_monsterinsights_sitenote_active":false,"_monsterinsights_sitenote_note":"","_monsterinsights_sitenote_category":0,"footnotes":""},"categories":[156],"tags":[4372],"class_list":["post-215393","post","type-post","status-publish","format-standard","has-post-thumbnail","hentry","category-estado","tag-benito-juarez","wp-image-borders"],"amp_enabled":true,"_links":{"self":[{"href":"https:\/\/nvnoticias.mx\/index.php\/wp-json\/wp\/v2\/posts\/215393","targetHints":{"allow":["GET"]}}],"collection":[{"href":"https:\/\/nvnoticias.mx\/index.php\/wp-json\/wp\/v2\/posts"}],"about":[{"href":"https:\/\/nvnoticias.mx\/index.php\/wp-json\/wp\/v2\/types\/post"}],"author":[{"embeddable":true,"href":"https:\/\/nvnoticias.mx\/index.php\/wp-json\/wp\/v2\/users\/35"}],"replies":[{"embeddable":true,"href":"https:\/\/nvnoticias.mx\/index.php\/wp-json\/wp\/v2\/comments?post=215393"}],"version-history":[{"count":2,"href":"https:\/\/nvnoticias.mx\/index.php\/wp-json\/wp\/v2\/posts\/215393\/revisions"}],"predecessor-version":[{"id":215395,"href":"https:\/\/nvnoticias.mx\/index.php\/wp-json\/wp\/v2\/posts\/215393\/revisions\/215395"}],"wp:featuredmedia":[{"embeddable":true,"href":"https:\/\/nvnoticias.mx\/index.php\/wp-json\/wp\/v2\/media\/215396"}],"wp:attachment":[{"href":"https:\/\/nvnoticias.mx\/index.php\/wp-json\/wp\/v2\/media?parent=215393"}],"wp:term":[{"taxonomy":"category","embeddable":true,"href":"https:\/\/nvnoticias.mx\/index.php\/wp-json\/wp\/v2\/categories?post=215393"},{"taxonomy":"post_tag","embeddable":true,"href":"https:\/\/nvnoticias.mx\/index.php\/wp-json\/wp\/v2\/tags?post=215393"}],"curies":[{"name":"wp","href":"https:\/\/api.w.org\/{rel}","templated":true}]}}