{"id":215385,"date":"2026-04-24T10:06:41","date_gmt":"2026-04-24T16:06:41","guid":{"rendered":"https:\/\/nvnoticias.mx\/?p=215385"},"modified":"2026-04-24T10:06:49","modified_gmt":"2026-04-24T16:06:49","slug":"sheinbaum-atribuye-baja-matricula-en-preescolar-a-caida-de-la-natalidad-en-mexico","status":"publish","type":"post","link":"https:\/\/nvnoticias.mx\/index.php\/2026\/04\/24\/sheinbaum-atribuye-baja-matricula-en-preescolar-a-caida-de-la-natalidad-en-mexico\/","title":{"rendered":"Sheinbaum atribuye baja matr\u00edcula en preescolar a ca\u00edda de la natalidad en M\u00e9xico"},"content":{"rendered":"\n<p>La presidenta Claudia Sheinbaum Pardo afirm\u00f3 este viernes que la disminuci\u00f3n en la matr\u00edcula de preescolar en el pa\u00eds responde principalmente a la reducci\u00f3n en la tasa de natalidad, aunque reconoci\u00f3 que en algunos casos puede influir la decisi\u00f3n de madres y padres de familia de no inscribir a sus hijos a ese nivel educativo.<\/p>\n\n\n\n<p>En su conferencia matutina en Palacio Nacional, la mandataria explic\u00f3 que uno de los factores centrales es la ca\u00edda sostenida en el n\u00famero de nacimientos. \u201cCada a\u00f1o nacen menos ni\u00f1os y ni\u00f1as en el pa\u00eds. Entonces, claro, cuando llegas a la edad de 4 a\u00f1os comparado con los a\u00f1os previos, pues ya no hay la (misma) demanda de preescolar\u201d, se\u00f1al\u00f3. A\u00f1adi\u00f3 que parte de la disminuci\u00f3n del n\u00famero de alumnos se explica porque \u201cya no se tienen tantos hijos como antes\u201d, por lo que no necesariamente puede considerarse deserci\u00f3n escolar.<\/p>\n\n\n\n<p>No obstante, reconoci\u00f3 que en algunos casos hay familias que optan por no llevar a los menores al preescolar, ya que la incorporaci\u00f3n antes de los seis a\u00f1os, afirm\u00f3, \u201cpuede ser opcional\u201d. Indic\u00f3 que actualmente existe capacidad suficiente en los planteles para atender la demanda y que, en caso de incrementarse, se ampliar\u00eda la infraestructura educativa.<\/p>\n\n\n\n<p>Sheinbaum Pardo explic\u00f3 que las estrategias prioritarias para reducir la deserci\u00f3n escolar se concentran principalmente en tercero de secundaria y en el nivel medio superior, donde hist\u00f3ricamente se registran los mayores \u00edndices. Record\u00f3 que el abandono escolar disminuy\u00f3 de manera importante con la beca Benito Ju\u00e1rez impulsada durante la administraci\u00f3n del ex presidente Andr\u00e9s Manuel L\u00f3pez Obrador.<\/p>\n\n\n\n<p>Agreg\u00f3 que su gobierno eval\u00faa el impacto de nuevos apoyos y programas, como la estrategia \u201cTe extra\u00f1amos en el sal\u00f3n\u201d, mediante la cual docentes y directivos dan seguimiento a estudiantes que dejan la escuela y realizan acciones para su reincorporaci\u00f3n, incluyendo contacto con madres y padres de familia.<\/p>\n\n\n\n<p>Asimismo, destac\u00f3 que se modifican pr\u00e1cticas en educaci\u00f3n media superior para evitar la expulsi\u00f3n de estudiantes por reprobaci\u00f3n de materias y sustituirlas por esquemas de acompa\u00f1amiento acad\u00e9mico. Finalmente, inform\u00f3 que solicitar\u00e1 a las \u00e1reas responsables de educaci\u00f3n b\u00e1sica revisar posibles acciones adicionales para fortalecer la asistencia en preescolar.<\/p>\n\n\n\n<p>Fuente: La <a href=\"https:\/\/www.jornada.com.mx\/noticia\/2026\/04\/24\/sociedad\/sheinbaum-atribuye-baja-matricula-en-preescolar-a-caida-de-la-natalidad-en-mexico\">Jornada<\/a><\/p>\n","protected":false},"excerpt":{"rendered":"<p>La presidenta Claudia Sheinbaum Pardo afirm\u00f3 este viernes que la disminuci\u00f3n en la matr\u00edcula de preescolar en el pa\u00eds responde principalmente a la reducci\u00f3n en la tasa de natalidad, aunque reconoci\u00f3 que en algunos casos puede influir la decisi\u00f3n de madres y padres de familia de no inscribir a sus hijos a ese nivel educativo. [&hellip;]<\/p>\n","protected":false},"author":35,"featured_media":215389,"comment_status":"open","ping_status":"open","sticky":false,"template":"","format":"standard","meta":{"_monsterinsights_skip_tracking":false,"_monsterinsights_sitenote_active":false,"_monsterinsights_sitenote_note":"","_monsterinsights_sitenote_category":0,"footnotes":""},"categories":[157],"tags":[2801,18370],"class_list":["post-215385","post","type-post","status-publish","format-standard","has-post-thumbnail","hentry","category-nacional","tag-claudia-sheinbaum","tag-natalidad","wp-image-borders"],"amp_enabled":true,"_links":{"self":[{"href":"https:\/\/nvnoticias.mx\/index.php\/wp-json\/wp\/v2\/posts\/215385","targetHints":{"allow":["GET"]}}],"collection":[{"href":"https:\/\/nvnoticias.mx\/index.php\/wp-json\/wp\/v2\/posts"}],"about":[{"href":"https:\/\/nvnoticias.mx\/index.php\/wp-json\/wp\/v2\/types\/post"}],"author":[{"embeddable":true,"href":"https:\/\/nvnoticias.mx\/index.php\/wp-json\/wp\/v2\/users\/35"}],"replies":[{"embeddable":true,"href":"https:\/\/nvnoticias.mx\/index.php\/wp-json\/wp\/v2\/comments?post=215385"}],"version-history":[{"count":2,"href":"https:\/\/nvnoticias.mx\/index.php\/wp-json\/wp\/v2\/posts\/215385\/revisions"}],"predecessor-version":[{"id":215391,"href":"https:\/\/nvnoticias.mx\/index.php\/wp-json\/wp\/v2\/posts\/215385\/revisions\/215391"}],"wp:featuredmedia":[{"embeddable":true,"href":"https:\/\/nvnoticias.mx\/index.php\/wp-json\/wp\/v2\/media\/215389"}],"wp:attachment":[{"href":"https:\/\/nvnoticias.mx\/index.php\/wp-json\/wp\/v2\/media?parent=215385"}],"wp:term":[{"taxonomy":"category","embeddable":true,"href":"https:\/\/nvnoticias.mx\/index.php\/wp-json\/wp\/v2\/categories?post=215385"},{"taxonomy":"post_tag","embeddable":true,"href":"https:\/\/nvnoticias.mx\/index.php\/wp-json\/wp\/v2\/tags?post=215385"}],"curies":[{"name":"wp","href":"https:\/\/api.w.org\/{rel}","templated":true}]}}