{"id":21456,"date":"2021-08-16T11:41:01","date_gmt":"2021-08-16T16:41:01","guid":{"rendered":"https:\/\/nvnoticias.mx\/?p=21456"},"modified":"2021-08-16T11:41:03","modified_gmt":"2021-08-16T16:41:03","slug":"sector-gastronomico-a-favor-de-regular-precio-gas-lp","status":"publish","type":"post","link":"https:\/\/nvnoticias.mx\/index.php\/2021\/08\/16\/sector-gastronomico-a-favor-de-regular-precio-gas-lp\/","title":{"rendered":"Sector gastron\u00f3mico se pronuncia a favor de regular el precio del Gas LP"},"content":{"rendered":"\n<p><strong>Jes\u00fas Utrilla<\/strong>&nbsp;<strong>| NV Noticias<\/strong>&nbsp;<\/p>\n\n\n\n<p>Veracruz. &#8211; Empresarios restauranteros se pronunciaron a favor de regular el precio del Gas LP, ya que repercutir\u00e1 directamente en la econom\u00eda de distintos sectores.&nbsp;<\/p>\n\n\n\n<p>Daniel Mart\u00edn Lois, empresario gastron\u00f3mico, record\u00f3 que en el caso de los restaurantes es uno de los insumos principales y fijar un precio m\u00e1ximo les beneficiar\u00e1, pues en los \u00faltimos dos a\u00f1os el precio increment\u00f3 al doble.&nbsp;<\/p>\n\n\n\n<blockquote class=\"wp-block-quote is-layout-flow wp-block-quote-is-layout-flow\"><p>\u201cSi hablamos con los gaseros seguramente no estar\u00e1n de acuerdo, pero nosotros como consumidores si nos conviene. Nos subi\u00f3 casi el doble en los \u00faltimos dos a\u00f1os\u201d.\u00a0<\/p><\/blockquote>\n\n\n\n<p>Dijo que m\u00e1s all\u00e1 de temas pol\u00edticos debe analizarse que los precios del combustible no van acorde a la econom\u00eda del pa\u00eds y el consumidor necesita que sea m\u00e1s accesible.&nbsp;<\/p>\n\n\n\n<blockquote class=\"wp-block-quote is-layout-flow wp-block-quote-is-layout-flow\"><p>\u201cLos precios del gas han sido muy elevados para nosotros, tenemos una afectaci\u00f3n porque no va acorde a la econom\u00eda del pa\u00eds y creo que las autoridades deben ponerse de acuerdo con los gaseros para tener un precio justo, a conveniencia y de acuerdo a la econom\u00eda del pa\u00eds\u201d.\u00a0<\/p><\/blockquote>\n\n\n\n<p>Mart\u00edn Lois record\u00f3 que al final el m\u00e1s afectado es el consumidor, pues en el caso de los restaurantes en ocasiones debe trasladarse el ajuste al comensal.&nbsp;<\/p>\n\n\n\n<blockquote class=\"wp-block-quote is-layout-flow wp-block-quote-is-layout-flow\"><p>\u201cNosotros tenemos que subir cartas cuando pasa eso. Punto y aparte de temas pol\u00edticos s\u00ed creo que deber\u00edan poner un m\u00e1ximo porque nos afecta mucho el tema\u201d.\u00a0<\/p><\/blockquote>\n","protected":false},"excerpt":{"rendered":"<p>Jes\u00fas Utrilla&nbsp;| NV Noticias&nbsp; Veracruz. &#8211; Empresarios restauranteros se pronunciaron a favor de regular el precio del Gas LP, ya que repercutir\u00e1 directamente en la econom\u00eda de distintos sectores.&nbsp; Daniel Mart\u00edn Lois, empresario gastron\u00f3mico, record\u00f3 que en el caso de los restaurantes es uno de los insumos principales y fijar un precio m\u00e1ximo les beneficiar\u00e1, [&hellip;]<\/p>\n","protected":false},"author":6,"featured_media":21463,"comment_status":"open","ping_status":"open","sticky":false,"template":"","format":"standard","meta":{"_monsterinsights_skip_tracking":false,"_monsterinsights_sitenote_active":false,"_monsterinsights_sitenote_note":"","_monsterinsights_sitenote_category":0,"footnotes":""},"categories":[154],"tags":[937,5651],"class_list":["post-21456","post","type-post","status-publish","format-standard","has-post-thumbnail","hentry","category-veracruz","tag-gas-lp","tag-sector-gastronomico","wp-image-borders"],"amp_enabled":true,"_links":{"self":[{"href":"https:\/\/nvnoticias.mx\/index.php\/wp-json\/wp\/v2\/posts\/21456","targetHints":{"allow":["GET"]}}],"collection":[{"href":"https:\/\/nvnoticias.mx\/index.php\/wp-json\/wp\/v2\/posts"}],"about":[{"href":"https:\/\/nvnoticias.mx\/index.php\/wp-json\/wp\/v2\/types\/post"}],"author":[{"embeddable":true,"href":"https:\/\/nvnoticias.mx\/index.php\/wp-json\/wp\/v2\/users\/6"}],"replies":[{"embeddable":true,"href":"https:\/\/nvnoticias.mx\/index.php\/wp-json\/wp\/v2\/comments?post=21456"}],"version-history":[{"count":1,"href":"https:\/\/nvnoticias.mx\/index.php\/wp-json\/wp\/v2\/posts\/21456\/revisions"}],"predecessor-version":[{"id":21464,"href":"https:\/\/nvnoticias.mx\/index.php\/wp-json\/wp\/v2\/posts\/21456\/revisions\/21464"}],"wp:featuredmedia":[{"embeddable":true,"href":"https:\/\/nvnoticias.mx\/index.php\/wp-json\/wp\/v2\/media\/21463"}],"wp:attachment":[{"href":"https:\/\/nvnoticias.mx\/index.php\/wp-json\/wp\/v2\/media?parent=21456"}],"wp:term":[{"taxonomy":"category","embeddable":true,"href":"https:\/\/nvnoticias.mx\/index.php\/wp-json\/wp\/v2\/categories?post=21456"},{"taxonomy":"post_tag","embeddable":true,"href":"https:\/\/nvnoticias.mx\/index.php\/wp-json\/wp\/v2\/tags?post=21456"}],"curies":[{"name":"wp","href":"https:\/\/api.w.org\/{rel}","templated":true}]}}