{"id":2142,"date":"2021-01-23T08:18:21","date_gmt":"2021-01-23T14:18:21","guid":{"rendered":"https:\/\/nvnoticias.mx\/?p=2142"},"modified":"2021-01-23T08:20:12","modified_gmt":"2021-01-23T14:20:12","slug":"amlo-y-biden-pactan-unir-esfuerzos","status":"publish","type":"post","link":"https:\/\/nvnoticias.mx\/index.php\/2021\/01\/23\/amlo-y-biden-pactan-unir-esfuerzos\/","title":{"rendered":"AMLO y Biden pactan unir esfuerzos"},"content":{"rendered":"\n<p>Luego de sostener una llamada telef\u00f3nica los presidentes\u00a0<strong>Andr\u00e9s Manuel L\u00f3pez Obrador<\/strong>, de M\u00e9xico, y\u00a0<strong>Joe Biden<\/strong>, de Estados Unidos,  acordaron trabajar en la cooperaci\u00f3n efectiva para que ambas naciones logren detener el avance de la pandemia del\u00a0<strong>Covid-19<\/strong><\/p>\n\n\n\n<p>Desde Monterrey, Nuevo Le\u00f3n, en donde tambi\u00e9n estuvo presente el secretario de Relaciones Exteriores,\u00a0Marcelo Ebrard, y\u00a0Lilia Rubio, traductora oficial de la Presidencia, \u00a0L\u00f3pez Obrador felicit\u00f3 a su hom\u00f3logo,  por su toma de protesta y celebr\u00f3 el reconocimiento en Washington a la comunidad migrante mexicana.<\/p>\n\n\n\n<p>A trav\u00e9s de una publicaci\u00f3n en su cuenta de twitter el mandatario mexicano, se\u00f1al\u00f3 que todo indica que ser\u00e1n buenas relaciones por el bien de ambas naciones.<\/p>\n\n\n\n<figure class=\"wp-block-embed is-type-rich is-provider-twitter wp-block-embed-twitter\"><div class=\"wp-block-embed__wrapper\">\n<blockquote class=\"twitter-tweet\" data-width=\"550\" data-dnt=\"true\"><p lang=\"es\" dir=\"ltr\">Conversamos con el presidente Biden, fue amable y respetuoso. Tratamos asuntos relacionados con la migraci\u00f3n, el <a href=\"https:\/\/twitter.com\/hashtag\/COVID19?src=hash&amp;ref_src=twsrc%5Etfw\">#COVID19<\/a> y la cooperaci\u00f3n para el desarrollo y el bienestar. Todo indica que ser\u00e1n buenas las relaciones por el bien de nuestros pueblos y naciones. <a href=\"https:\/\/t.co\/QEVK4UgFuo\">pic.twitter.com\/QEVK4UgFuo<\/a><\/p>&mdash; Andr\u00e9s Manuel (@lopezobrador_) <a href=\"https:\/\/twitter.com\/lopezobrador_\/status\/1352777092832743425?ref_src=twsrc%5Etfw\">January 23, 2021<\/a><\/blockquote><script async src=\"https:\/\/platform.twitter.com\/widgets.js\" charset=\"utf-8\"><\/script>\n<\/div><\/figure>\n","protected":false},"excerpt":{"rendered":"<p>Luego de sostener una llamada telef\u00f3nica los presidentes\u00a0Andr\u00e9s Manuel L\u00f3pez Obrador, de M\u00e9xico, y\u00a0Joe Biden, de Estados Unidos, acordaron trabajar en la cooperaci\u00f3n efectiva para que ambas naciones logren detener el avance de la pandemia del\u00a0Covid-19 Desde Monterrey, Nuevo Le\u00f3n, en donde tambi\u00e9n estuvo presente el secretario de Relaciones Exteriores,\u00a0Marcelo Ebrard, y\u00a0Lilia Rubio, traductora oficial [&hellip;]<\/p>\n","protected":false},"author":6,"featured_media":2143,"comment_status":"open","ping_status":"open","sticky":false,"template":"","format":"standard","meta":{"_monsterinsights_skip_tracking":false,"_monsterinsights_sitenote_active":false,"_monsterinsights_sitenote_note":"","_monsterinsights_sitenote_category":0,"footnotes":""},"categories":[157],"tags":[188,183,182,292,162],"class_list":["post-2142","post","type-post","status-publish","format-standard","has-post-thumbnail","hentry","category-nacional","tag-amlo","tag-estados-unidos","tag-joe-biden","tag-mexico","tag-portada","wp-image-borders"],"amp_enabled":true,"_links":{"self":[{"href":"https:\/\/nvnoticias.mx\/index.php\/wp-json\/wp\/v2\/posts\/2142","targetHints":{"allow":["GET"]}}],"collection":[{"href":"https:\/\/nvnoticias.mx\/index.php\/wp-json\/wp\/v2\/posts"}],"about":[{"href":"https:\/\/nvnoticias.mx\/index.php\/wp-json\/wp\/v2\/types\/post"}],"author":[{"embeddable":true,"href":"https:\/\/nvnoticias.mx\/index.php\/wp-json\/wp\/v2\/users\/6"}],"replies":[{"embeddable":true,"href":"https:\/\/nvnoticias.mx\/index.php\/wp-json\/wp\/v2\/comments?post=2142"}],"version-history":[{"count":1,"href":"https:\/\/nvnoticias.mx\/index.php\/wp-json\/wp\/v2\/posts\/2142\/revisions"}],"predecessor-version":[{"id":2144,"href":"https:\/\/nvnoticias.mx\/index.php\/wp-json\/wp\/v2\/posts\/2142\/revisions\/2144"}],"wp:featuredmedia":[{"embeddable":true,"href":"https:\/\/nvnoticias.mx\/index.php\/wp-json\/wp\/v2\/media\/2143"}],"wp:attachment":[{"href":"https:\/\/nvnoticias.mx\/index.php\/wp-json\/wp\/v2\/media?parent=2142"}],"wp:term":[{"taxonomy":"category","embeddable":true,"href":"https:\/\/nvnoticias.mx\/index.php\/wp-json\/wp\/v2\/categories?post=2142"},{"taxonomy":"post_tag","embeddable":true,"href":"https:\/\/nvnoticias.mx\/index.php\/wp-json\/wp\/v2\/tags?post=2142"}],"curies":[{"name":"wp","href":"https:\/\/api.w.org\/{rel}","templated":true}]}}