{"id":21403,"date":"2021-08-15T22:50:55","date_gmt":"2021-08-16T03:50:55","guid":{"rendered":"https:\/\/nvnoticias.mx\/?p=21403"},"modified":"2021-08-15T22:50:56","modified_gmt":"2021-08-16T03:50:56","slug":"envia-mexico-2-aviones-con-ayuda-humanitaria-para-haiti","status":"publish","type":"post","link":"https:\/\/nvnoticias.mx\/index.php\/2021\/08\/15\/envia-mexico-2-aviones-con-ayuda-humanitaria-para-haiti\/","title":{"rendered":"Env\u00eda M\u00e9xico 2 aviones con ayuda humanitaria para Hait\u00ed"},"content":{"rendered":"\n<p>A trav\u00e9s de sus redes sociales, el canciller Marcelo Ebrard, anunci\u00f3 que dos aviones de la fuerza a\u00e9rea salieron la tarde de este domingo con ayuda humanitaria desde M\u00e9xico a Hait\u00ed.<\/p>\n\n\n\n<p>Ebrard detall\u00f3 que el cargamento de ayuda humanitaria consiste en agua, medicamentos, equipo y v\u00edveres.<\/p>\n\n\n\n<p>El primer avi\u00f3n despeg\u00f3 a las 15:50 hrs. de este domingo, siendo un H\u00e9rcules C-130 de la Fuerza A\u00e9rea Mexicana, rumbo a Hait\u00ed.<\/p>\n\n\n\n<figure class=\"wp-block-embed aligncenter is-type-rich is-provider-twitter wp-block-embed-twitter\"><div class=\"wp-block-embed__wrapper\">\n<blockquote class=\"twitter-tweet\" data-width=\"550\" data-dnt=\"true\"><p lang=\"es\" dir=\"ltr\">Despega en este momento H\u00e9rcules C-130 Fuerza A\u00e9rea Mexicana con rumbo Hait\u00ed al mando del capit\u00e1n Ra\u00fal Cerrillos. Le acompa\u00f1an la tripulaci\u00f3n, el Embajador de M\u00e9xico en Hait\u00ed Dr. Jes\u00fas Valdes,la  Directora de Amexcid, Dra. Laura Carrillo y Ra\u00fal Miliani de Protecci\u00f3n Civil. <a href=\"https:\/\/t.co\/uoD1FxNypd\">pic.twitter.com\/uoD1FxNypd<\/a><\/p>&mdash; Marcelo Ebrard C. (@m_ebrard) <a href=\"https:\/\/twitter.com\/m_ebrard\/status\/1427009923901186053?ref_src=twsrc%5Etfw\">August 15, 2021<\/a><\/blockquote><script async src=\"https:\/\/platform.twitter.com\/widgets.js\" charset=\"utf-8\"><\/script>\n<\/div><\/figure>\n\n\n\n<p>El segundo vuelo sali\u00f3 a las 20:35 hrs., siendo un avi\u00f3n de la Secretar\u00eda de la Marina.<\/p>\n\n\n\n<figure class=\"wp-block-embed aligncenter is-type-rich is-provider-twitter wp-block-embed-twitter\"><div class=\"wp-block-embed__wrapper\">\n<blockquote class=\"twitter-tweet\" data-width=\"550\" data-dnt=\"true\"><p lang=\"es\" dir=\"ltr\">Aeronave de la Secretar\u00eda de Marina despega hacia Hait\u00ed, segundo vuelo con ayuda humanitaria este d\u00eda. <a href=\"https:\/\/t.co\/ZlA3vJQEvR\">pic.twitter.com\/ZlA3vJQEvR<\/a><\/p>&mdash; Marcelo Ebrard C. (@m_ebrard) <a href=\"https:\/\/twitter.com\/m_ebrard\/status\/1427081569567711233?ref_src=twsrc%5Etfw\">August 16, 2021<\/a><\/blockquote><script async src=\"https:\/\/platform.twitter.com\/widgets.js\" charset=\"utf-8\"><\/script>\n<\/div><\/figure>\n\n\n\n<p>Este 14 de agosto, la isla de Hait\u00ed sufri\u00f3 un terremoto de magnitud 7.2, teniendo un saldo de m\u00e1s de mil 300 personas fallecidas y 2 mil 800 lesionados.<\/p>\n","protected":false},"excerpt":{"rendered":"<p>A trav\u00e9s de sus redes sociales, el canciller Marcelo Ebrard, anunci\u00f3 que dos aviones de la fuerza a\u00e9rea salieron la tarde de este domingo con ayuda humanitaria desde M\u00e9xico a Hait\u00ed. Ebrard detall\u00f3 que el cargamento de ayuda humanitaria consiste en agua, medicamentos, equipo y v\u00edveres. El primer avi\u00f3n despeg\u00f3 a las 15:50 hrs. de [&hellip;]<\/p>\n","protected":false},"author":7,"featured_media":21404,"comment_status":"open","ping_status":"open","sticky":false,"template":"","format":"standard","meta":{"_monsterinsights_skip_tracking":false,"_monsterinsights_sitenote_active":false,"_monsterinsights_sitenote_note":"","_monsterinsights_sitenote_category":0,"footnotes":""},"categories":[157],"tags":[5645,5205,4868,391,162],"class_list":["post-21403","post","type-post","status-publish","format-standard","has-post-thumbnail","hentry","category-nacional","tag-aviones","tag-ayuda-humanitaria","tag-haiti","tag-marcelo-ebrard","tag-portada","wp-image-borders"],"amp_enabled":true,"_links":{"self":[{"href":"https:\/\/nvnoticias.mx\/index.php\/wp-json\/wp\/v2\/posts\/21403","targetHints":{"allow":["GET"]}}],"collection":[{"href":"https:\/\/nvnoticias.mx\/index.php\/wp-json\/wp\/v2\/posts"}],"about":[{"href":"https:\/\/nvnoticias.mx\/index.php\/wp-json\/wp\/v2\/types\/post"}],"author":[{"embeddable":true,"href":"https:\/\/nvnoticias.mx\/index.php\/wp-json\/wp\/v2\/users\/7"}],"replies":[{"embeddable":true,"href":"https:\/\/nvnoticias.mx\/index.php\/wp-json\/wp\/v2\/comments?post=21403"}],"version-history":[{"count":1,"href":"https:\/\/nvnoticias.mx\/index.php\/wp-json\/wp\/v2\/posts\/21403\/revisions"}],"predecessor-version":[{"id":21405,"href":"https:\/\/nvnoticias.mx\/index.php\/wp-json\/wp\/v2\/posts\/21403\/revisions\/21405"}],"wp:featuredmedia":[{"embeddable":true,"href":"https:\/\/nvnoticias.mx\/index.php\/wp-json\/wp\/v2\/media\/21404"}],"wp:attachment":[{"href":"https:\/\/nvnoticias.mx\/index.php\/wp-json\/wp\/v2\/media?parent=21403"}],"wp:term":[{"taxonomy":"category","embeddable":true,"href":"https:\/\/nvnoticias.mx\/index.php\/wp-json\/wp\/v2\/categories?post=21403"},{"taxonomy":"post_tag","embeddable":true,"href":"https:\/\/nvnoticias.mx\/index.php\/wp-json\/wp\/v2\/tags?post=21403"}],"curies":[{"name":"wp","href":"https:\/\/api.w.org\/{rel}","templated":true}]}}