{"id":21312,"date":"2021-08-14T10:30:46","date_gmt":"2021-08-14T15:30:46","guid":{"rendered":"https:\/\/nvnoticias.mx\/?p=21312"},"modified":"2021-08-14T10:30:47","modified_gmt":"2021-08-14T15:30:47","slug":"fox-regresa-a-su-rancho-tras-dar-positivo-a-covid","status":"publish","type":"post","link":"https:\/\/nvnoticias.mx\/index.php\/2021\/08\/14\/fox-regresa-a-su-rancho-tras-dar-positivo-a-covid\/","title":{"rendered":"Fox regresa a su rancho tras dar positivo a Covid"},"content":{"rendered":"\n<p>El expresidente Vicente Fox y su esposa Marta Sahag\u00fan regresaron a su rancho despu\u00e9s de una semana de permanecer hospitalizados por haber dado positivo a Covid-19.<\/p>\n\n\n\n<p>La pareja fue dada de alta por especialistas del Hospital \u00c1ngeles de esta ciudad, a donde ingresaron el viernes pasado. Fox y su esposa seguir\u00e1n la recuperaci\u00f3n en su casa, en el Rancho San Crist\u00f3bal, localizado en el municipio de San Francisco del Rinc\u00f3n.<\/p>\n\n\n\n<p>Personal del Centro Fox inform\u00f3 que Vicente y Marta salieron del hospital la tarde de este jueves. \u201cSe encuentran bien y con mucho \u00e1nimo por tanta muestra de cari\u00f1o que han recibido\u201d. Desde el momento que dieron positivo a Covid-19 los hijos de ambos estuvieron al pendiente.<\/p>\n\n\n\n<p>Vicente Fox y Marta Sahag\u00fan decidieron voluntariamente hospitalizarse para corresponder a los cuidados, sin presentar s\u00edntomas graves.<\/p>\n\n\n\n<p>Fuente: El Universal<\/p>\n","protected":false},"excerpt":{"rendered":"<p>El expresidente Vicente Fox y su esposa Marta Sahag\u00fan regresaron a su rancho despu\u00e9s de una semana de permanecer hospitalizados por haber dado positivo a Covid-19. La pareja fue dada de alta por especialistas del Hospital \u00c1ngeles de esta ciudad, a donde ingresaron el viernes pasado. Fox y su esposa seguir\u00e1n la recuperaci\u00f3n en su [&hellip;]<\/p>\n","protected":false},"author":6,"featured_media":21314,"comment_status":"open","ping_status":"open","sticky":false,"template":"","format":"standard","meta":{"_monsterinsights_skip_tracking":false,"_monsterinsights_sitenote_active":false,"_monsterinsights_sitenote_note":"","_monsterinsights_sitenote_category":0,"footnotes":""},"categories":[158],"tags":[175,1557,2130],"class_list":["post-21312","post","type-post","status-publish","format-standard","has-post-thumbnail","hentry","category-politica","tag-covid-19","tag-positivo","tag-vicente-fox","wp-image-borders"],"amp_enabled":true,"_links":{"self":[{"href":"https:\/\/nvnoticias.mx\/index.php\/wp-json\/wp\/v2\/posts\/21312","targetHints":{"allow":["GET"]}}],"collection":[{"href":"https:\/\/nvnoticias.mx\/index.php\/wp-json\/wp\/v2\/posts"}],"about":[{"href":"https:\/\/nvnoticias.mx\/index.php\/wp-json\/wp\/v2\/types\/post"}],"author":[{"embeddable":true,"href":"https:\/\/nvnoticias.mx\/index.php\/wp-json\/wp\/v2\/users\/6"}],"replies":[{"embeddable":true,"href":"https:\/\/nvnoticias.mx\/index.php\/wp-json\/wp\/v2\/comments?post=21312"}],"version-history":[{"count":1,"href":"https:\/\/nvnoticias.mx\/index.php\/wp-json\/wp\/v2\/posts\/21312\/revisions"}],"predecessor-version":[{"id":21313,"href":"https:\/\/nvnoticias.mx\/index.php\/wp-json\/wp\/v2\/posts\/21312\/revisions\/21313"}],"wp:featuredmedia":[{"embeddable":true,"href":"https:\/\/nvnoticias.mx\/index.php\/wp-json\/wp\/v2\/media\/21314"}],"wp:attachment":[{"href":"https:\/\/nvnoticias.mx\/index.php\/wp-json\/wp\/v2\/media?parent=21312"}],"wp:term":[{"taxonomy":"category","embeddable":true,"href":"https:\/\/nvnoticias.mx\/index.php\/wp-json\/wp\/v2\/categories?post=21312"},{"taxonomy":"post_tag","embeddable":true,"href":"https:\/\/nvnoticias.mx\/index.php\/wp-json\/wp\/v2\/tags?post=21312"}],"curies":[{"name":"wp","href":"https:\/\/api.w.org\/{rel}","templated":true}]}}