{"id":212043,"date":"2026-03-18T15:27:22","date_gmt":"2026-03-18T21:27:22","guid":{"rendered":"https:\/\/nvnoticias.mx\/?p=212043"},"modified":"2026-03-18T15:27:29","modified_gmt":"2026-03-18T21:27:29","slug":"nahle-descarta-adelantarse-a-2030-y-afirma-que-llegara-quien-tenga-que-llegar","status":"publish","type":"post","link":"https:\/\/nvnoticias.mx\/index.php\/2026\/03\/18\/nahle-descarta-adelantarse-a-2030-y-afirma-que-llegara-quien-tenga-que-llegar\/","title":{"rendered":"Nahle descarta adelantarse a 2030 y afirma que \u201cllegar\u00e1 quien tenga que llegar\u201d"},"content":{"rendered":"\n<p><\/p>\n\n\n\n<p><strong>Sam Ojeda \/ NV Noticias<\/strong><\/p>\n\n\n\n<p>Xalapa.- La gobernadora de Veracruz, Roc\u00edo Nahle Garc\u00eda, rechaz\u00f3 entrar en especulaciones sobre la elecci\u00f3n de 2030 y sostuvo que ese proceso se definir\u00e1 en su momento, al se\u00f1alar que en un sistema democr\u00e1tico \u201cllegar\u00e1 quien tenga que llegar\u201d.<\/p>\n\n\n\n<p>La mandataria enfatiz\u00f3 que su atenci\u00f3n est\u00e1 centrada en las tareas de gobierno y no en escenarios electorales anticipados, pese a que ya existen posicionamientos rumbo a ese proceso.<\/p>\n\n\n\n<p>\u201cEstamos en un sistema republicano, democr\u00e1tico y en el 2030 llegar\u00e1 quien tenga que llegar\u201d.<\/p>\n\n\n\n<p>Ante el llamado \u201cfuturismo\u201d pol\u00edtico, pidi\u00f3 no sobredimensionar estos temas y mantener el enfoque en el trabajo actual en la entidad.<\/p>\n\n\n\n<p>\u201cSon normales los futurismos, pero tomarlo con calma, tenemos mucho trabajo que hacer\u201d.<\/p>\n\n\n\n<p>Nahle Garc\u00eda afirm\u00f3 que no participa en ese tipo de discusiones y reiter\u00f3 que su prioridad es avanzar en las acciones de gobierno en Veracruz.<\/p>\n\n\n\n<p>\u201cPor lo tanto yo no me ocupo en esos temas porque lo que me ocupa es trabajar, seguir trabajando en Veracruz y avanzando en todo lo que estamos haciendo\u201d.<\/p>\n\n\n\n<p>Tambi\u00e9n llam\u00f3 a no caer en provocaciones derivadas de la especulaci\u00f3n pol\u00edtica y a privilegiar el desempe\u00f1o institucional.<\/p>\n\n\n\n<p>\u201cLo importante es trabajar y no caer en provocaciones, entonces pueden especular pero llegar\u00e1 quien tenga que llegar\u201d.<\/p>\n\n\n\n<p><\/p>\n","protected":false},"excerpt":{"rendered":"<p>Sam Ojeda \/ NV Noticias Xalapa.- La gobernadora de Veracruz, Roc\u00edo Nahle Garc\u00eda, rechaz\u00f3 entrar en especulaciones sobre la elecci\u00f3n de 2030 y sostuvo que ese proceso se definir\u00e1 en su momento, al se\u00f1alar que en un sistema democr\u00e1tico \u201cllegar\u00e1 quien tenga que llegar\u201d. La mandataria enfatiz\u00f3 que su atenci\u00f3n est\u00e1 centrada en las tareas [&hellip;]<\/p>\n","protected":false},"author":8,"featured_media":204313,"comment_status":"open","ping_status":"open","sticky":false,"template":"","format":"standard","meta":{"_monsterinsights_skip_tracking":false,"_monsterinsights_sitenote_active":false,"_monsterinsights_sitenote_note":"","_monsterinsights_sitenote_category":0,"footnotes":""},"categories":[156],"tags":[19996,1594],"class_list":["post-212043","post","type-post","status-publish","format-standard","has-post-thumbnail","hentry","category-estado","tag-19996","tag-rocio-nahle","wp-image-borders"],"amp_enabled":true,"_links":{"self":[{"href":"https:\/\/nvnoticias.mx\/index.php\/wp-json\/wp\/v2\/posts\/212043","targetHints":{"allow":["GET"]}}],"collection":[{"href":"https:\/\/nvnoticias.mx\/index.php\/wp-json\/wp\/v2\/posts"}],"about":[{"href":"https:\/\/nvnoticias.mx\/index.php\/wp-json\/wp\/v2\/types\/post"}],"author":[{"embeddable":true,"href":"https:\/\/nvnoticias.mx\/index.php\/wp-json\/wp\/v2\/users\/8"}],"replies":[{"embeddable":true,"href":"https:\/\/nvnoticias.mx\/index.php\/wp-json\/wp\/v2\/comments?post=212043"}],"version-history":[{"count":1,"href":"https:\/\/nvnoticias.mx\/index.php\/wp-json\/wp\/v2\/posts\/212043\/revisions"}],"predecessor-version":[{"id":212044,"href":"https:\/\/nvnoticias.mx\/index.php\/wp-json\/wp\/v2\/posts\/212043\/revisions\/212044"}],"wp:featuredmedia":[{"embeddable":true,"href":"https:\/\/nvnoticias.mx\/index.php\/wp-json\/wp\/v2\/media\/204313"}],"wp:attachment":[{"href":"https:\/\/nvnoticias.mx\/index.php\/wp-json\/wp\/v2\/media?parent=212043"}],"wp:term":[{"taxonomy":"category","embeddable":true,"href":"https:\/\/nvnoticias.mx\/index.php\/wp-json\/wp\/v2\/categories?post=212043"},{"taxonomy":"post_tag","embeddable":true,"href":"https:\/\/nvnoticias.mx\/index.php\/wp-json\/wp\/v2\/tags?post=212043"}],"curies":[{"name":"wp","href":"https:\/\/api.w.org\/{rel}","templated":true}]}}