{"id":211990,"date":"2026-03-18T11:17:40","date_gmt":"2026-03-18T17:17:40","guid":{"rendered":"https:\/\/nvnoticias.mx\/?p=211990"},"modified":"2026-03-18T11:17:47","modified_gmt":"2026-03-18T17:17:47","slug":"mexico-sera-sede-del-congreso-mundial-de-turismo-deportivo-2026-sectur","status":"publish","type":"post","link":"https:\/\/nvnoticias.mx\/index.php\/2026\/03\/18\/mexico-sera-sede-del-congreso-mundial-de-turismo-deportivo-2026-sectur\/","title":{"rendered":"M\u00e9xico ser\u00e1 sede del Congreso Mundial de Turismo Deportivo 2026: Sectur"},"content":{"rendered":"\n<p>La secretaria de Turismo, Josefina Rodr\u00edguez, inform\u00f3 que por primera vez M\u00e9xico ser\u00e1 sede del Congreso Mundial de Turismo Deportivo, que otorga la ONU Turismo, del 7 al 9 de septiembre en el Aut\u00f3dromo Hermanos Rodr\u00edguez.&nbsp;<\/p>\n\n\n\n<p>Afirm\u00f3 que ese congreso \u201cpor primera vez sale de Europa, es su cuarta edici\u00f3n, y se va celebrar aqu\u00ed en nuestro pa\u00eds. Vienen m\u00e1s de 140 pa\u00edses, 500 afiliados de la ONU Turismo y se abordar\u00e1n diferentes temas de desarrollo de turismo deportivo en M\u00e9xico\u201d.<\/p>\n\n\n\n<p>Siempre decimos \u201cque la forma de quitar la estacionalidad tur\u00edstica y aumentar afluencia de turismo, as\u00ed como cambiar la percepci\u00f3n y la imagen de los estados es a trav\u00e9s del deporte, que no solo une el tema del tejido social, sino que crea derrama econ\u00f3mica\u201d, sostuvo.<\/p>\n\n\n\n<p>Entonces, &#8220;nos dan la sede por ser nosotros ahorita este modelo de pol\u00edtica de turismo deportivo\u201d.<\/p>\n\n\n\n<p>Record\u00f3 que el congreso ha estado dos veces en Espa\u00f1a y en Croacia, sale del continente y llega a nuestro pa\u00eds.&nbsp; \u201cHabr\u00e1 diferentes recorridos tur\u00edsticos para nuestros afiliados, m\u00e1s de 40 ponencias de talla global en el tema deportivo, inversionistas, en fin\u201d.<\/p>\n\n\n\n<p>Tambi\u00e9n inform\u00f3 que para la Copa Mundial de F\u00fatbol se contar\u00e1 con una aplicaci\u00f3n, \u201cque estamos haciendo con la Agencia de Transformaci\u00f3n Digital, y se llama Conoce M\u00e9xico, con 270 rutas para el aficionado, que incluye a los 32 estados\u201d.<\/p>\n\n\n\n<p>Fuente: La <a href=\"https:\/\/www.jornada.com.mx\/noticia\/2026\/03\/18\/deportes\/mexico-sera-sede-del-congreso-mundial-de-turismo-dportivo-en-el-autodromo-hermanos-rodriguez\">Jornada<\/a><\/p>\n","protected":false},"excerpt":{"rendered":"<p>La secretaria de Turismo, Josefina Rodr\u00edguez, inform\u00f3 que por primera vez M\u00e9xico ser\u00e1 sede del Congreso Mundial de Turismo Deportivo, que otorga la ONU Turismo, del 7 al 9 de septiembre en el Aut\u00f3dromo Hermanos Rodr\u00edguez.&nbsp; Afirm\u00f3 que ese congreso \u201cpor primera vez sale de Europa, es su cuarta edici\u00f3n, y se va celebrar aqu\u00ed [&hellip;]<\/p>\n","protected":false},"author":35,"featured_media":211991,"comment_status":"open","ping_status":"open","sticky":false,"template":"","format":"standard","meta":{"_monsterinsights_skip_tracking":false,"_monsterinsights_sitenote_active":false,"_monsterinsights_sitenote_note":"","_monsterinsights_sitenote_category":0,"footnotes":""},"categories":[157],"tags":[162,2164],"class_list":["post-211990","post","type-post","status-publish","format-standard","has-post-thumbnail","hentry","category-nacional","tag-portada","tag-sectur","wp-image-borders"],"amp_enabled":true,"_links":{"self":[{"href":"https:\/\/nvnoticias.mx\/index.php\/wp-json\/wp\/v2\/posts\/211990","targetHints":{"allow":["GET"]}}],"collection":[{"href":"https:\/\/nvnoticias.mx\/index.php\/wp-json\/wp\/v2\/posts"}],"about":[{"href":"https:\/\/nvnoticias.mx\/index.php\/wp-json\/wp\/v2\/types\/post"}],"author":[{"embeddable":true,"href":"https:\/\/nvnoticias.mx\/index.php\/wp-json\/wp\/v2\/users\/35"}],"replies":[{"embeddable":true,"href":"https:\/\/nvnoticias.mx\/index.php\/wp-json\/wp\/v2\/comments?post=211990"}],"version-history":[{"count":4,"href":"https:\/\/nvnoticias.mx\/index.php\/wp-json\/wp\/v2\/posts\/211990\/revisions"}],"predecessor-version":[{"id":211995,"href":"https:\/\/nvnoticias.mx\/index.php\/wp-json\/wp\/v2\/posts\/211990\/revisions\/211995"}],"wp:featuredmedia":[{"embeddable":true,"href":"https:\/\/nvnoticias.mx\/index.php\/wp-json\/wp\/v2\/media\/211991"}],"wp:attachment":[{"href":"https:\/\/nvnoticias.mx\/index.php\/wp-json\/wp\/v2\/media?parent=211990"}],"wp:term":[{"taxonomy":"category","embeddable":true,"href":"https:\/\/nvnoticias.mx\/index.php\/wp-json\/wp\/v2\/categories?post=211990"},{"taxonomy":"post_tag","embeddable":true,"href":"https:\/\/nvnoticias.mx\/index.php\/wp-json\/wp\/v2\/tags?post=211990"}],"curies":[{"name":"wp","href":"https:\/\/api.w.org\/{rel}","templated":true}]}}