{"id":211955,"date":"2026-03-18T10:20:30","date_gmt":"2026-03-18T16:20:30","guid":{"rendered":"https:\/\/nvnoticias.mx\/?p=211955"},"modified":"2026-03-18T10:20:39","modified_gmt":"2026-03-18T16:20:39","slug":"sheinbaum-explica-incendio-alrededor-de-la-refineria-de-dos-bocas","status":"publish","type":"post","link":"https:\/\/nvnoticias.mx\/index.php\/2026\/03\/18\/sheinbaum-explica-incendio-alrededor-de-la-refineria-de-dos-bocas\/","title":{"rendered":"Sheinbaum explica incendio alrededor de la refiner\u00eda de Dos Bocas"},"content":{"rendered":"\n<p>Al ser cuestionada sobre el\u00a0incendio alrededor de la refiner\u00eda de Dos Bocas, la presidenta Sheinbaum explic\u00f3 que el siniestro ocurri\u00f3 al exterior, en uno de los muelles y adelant\u00f3 que la Fiscal\u00eda General de la Rep\u00fablica (FGR) realizar\u00e1 las investigaciones correspondientes.<\/p>\n\n\n\n<p>\u201cFue en la parte exterior de la\u00a0refiner\u00eda Dos Bocas, hacia el puerto. Como hubo muertes,\u00a0<strong>entra la FGR a hacer la investigaci\u00f3n<\/strong>, ellos tienen que hacer el peritaje sobre qu\u00e9 fue lo que ocasion\u00f3 el incendio\u201d, a\u00f1adi\u00f3 la mandataria.\u00a0<\/p>\n\n\n\n<p>La presidenta Sheinbaum adelant\u00f3 que probablemente tras una lluvia muy intensa, parece que hubo un derrame de unos c\u00e1rcamos de hidrocarburo y se provoc\u00f3 un incendio.<\/p>\n\n\n\n<p>Al respecto,\u00a0<strong>Sheinbaum<\/strong>\u00a0tambi\u00e9n adelant\u00f3 que se reubicar\u00e1 la escuela que est\u00e1 cerca de la refiner\u00eda tras la solicitud de padres de familia ante posibles afectaciones para los ni\u00f1os.\u00a0<br><\/p>\n\n\n\n<p>Fuente: La <a href=\"https:\/\/www.elfinanciero.com.mx\/nacional\/2026\/03\/18\/claudia-sheinbaum-mananera-temas-hoy-18-de-marzo-de-2026-en-vivo\/\">Jornada<\/a><\/p>\n\n\n\n<p><\/p>\n\n\n\n<p><br><\/p>\n","protected":false},"excerpt":{"rendered":"<p>Al ser cuestionada sobre el\u00a0incendio alrededor de la refiner\u00eda de Dos Bocas, la presidenta Sheinbaum explic\u00f3 que el siniestro ocurri\u00f3 al exterior, en uno de los muelles y adelant\u00f3 que la Fiscal\u00eda General de la Rep\u00fablica (FGR) realizar\u00e1 las investigaciones correspondientes. \u201cFue en la parte exterior de la\u00a0refiner\u00eda Dos Bocas, hacia el puerto. Como hubo [&hellip;]<\/p>\n","protected":false},"author":35,"featured_media":211959,"comment_status":"open","ping_status":"open","sticky":false,"template":"","format":"standard","meta":{"_monsterinsights_skip_tracking":false,"_monsterinsights_sitenote_active":false,"_monsterinsights_sitenote_note":"","_monsterinsights_sitenote_category":0,"footnotes":""},"categories":[157],"tags":[2801,162],"class_list":["post-211955","post","type-post","status-publish","format-standard","has-post-thumbnail","hentry","category-nacional","tag-claudia-sheinbaum","tag-portada","wp-image-borders"],"amp_enabled":true,"_links":{"self":[{"href":"https:\/\/nvnoticias.mx\/index.php\/wp-json\/wp\/v2\/posts\/211955","targetHints":{"allow":["GET"]}}],"collection":[{"href":"https:\/\/nvnoticias.mx\/index.php\/wp-json\/wp\/v2\/posts"}],"about":[{"href":"https:\/\/nvnoticias.mx\/index.php\/wp-json\/wp\/v2\/types\/post"}],"author":[{"embeddable":true,"href":"https:\/\/nvnoticias.mx\/index.php\/wp-json\/wp\/v2\/users\/35"}],"replies":[{"embeddable":true,"href":"https:\/\/nvnoticias.mx\/index.php\/wp-json\/wp\/v2\/comments?post=211955"}],"version-history":[{"count":4,"href":"https:\/\/nvnoticias.mx\/index.php\/wp-json\/wp\/v2\/posts\/211955\/revisions"}],"predecessor-version":[{"id":211960,"href":"https:\/\/nvnoticias.mx\/index.php\/wp-json\/wp\/v2\/posts\/211955\/revisions\/211960"}],"wp:featuredmedia":[{"embeddable":true,"href":"https:\/\/nvnoticias.mx\/index.php\/wp-json\/wp\/v2\/media\/211959"}],"wp:attachment":[{"href":"https:\/\/nvnoticias.mx\/index.php\/wp-json\/wp\/v2\/media?parent=211955"}],"wp:term":[{"taxonomy":"category","embeddable":true,"href":"https:\/\/nvnoticias.mx\/index.php\/wp-json\/wp\/v2\/categories?post=211955"},{"taxonomy":"post_tag","embeddable":true,"href":"https:\/\/nvnoticias.mx\/index.php\/wp-json\/wp\/v2\/tags?post=211955"}],"curies":[{"name":"wp","href":"https:\/\/api.w.org\/{rel}","templated":true}]}}