{"id":211937,"date":"2026-03-17T14:20:01","date_gmt":"2026-03-17T20:20:01","guid":{"rendered":"https:\/\/nvnoticias.mx\/?p=211937"},"modified":"2026-03-17T14:20:08","modified_gmt":"2026-03-17T20:20:08","slug":"se-mantendran-las-lluvias-y-rachas-de-viento-por-efectos-del-frente-frio-41-en-veracruz","status":"publish","type":"post","link":"https:\/\/nvnoticias.mx\/index.php\/2026\/03\/17\/se-mantendran-las-lluvias-y-rachas-de-viento-por-efectos-del-frente-frio-41-en-veracruz\/","title":{"rendered":"Se mantendr\u00e1n las \u00a0lluvias y rachas de viento por efectos del Frente Fr\u00edo 41 en Veracruz"},"content":{"rendered":"\n<p><br><strong>Jes\u00fas Utrilla \/ NV Noticias <\/strong><\/p>\n\n\n\n<p>Las condiciones meteorol\u00f3gicas adversas contin\u00faan en el municipio de Veracruz debido a la influencia de la masa de aire fr\u00edo asociada al Frente Fr\u00edo n\u00famero 41, lo que mantiene lluvias, ambiente fresco y evento de norte en la regi\u00f3n.<\/p>\n\n\n\n<p><br>La Direcci\u00f3n de Protecci\u00f3n Civil Municipal inform\u00f3 que durante este martes se esperan rachas de viento de entre 65 y 80 kil\u00f3metros por hora, as\u00ed como oleaje elevado de 2 a 4 metros en zonas cercanas a la costa, situaci\u00f3n que representa riesgo en \u00e1reas expuestas.<\/p>\n\n\n\n<p><br>Ante este panorama, las autoridades exhortaron a la poblaci\u00f3n a evitar ingresar al mar o realizar actividades en playas, adem\u00e1s de asegurar objetos susceptibles a ser desplazados por el viento y resguardar a menores de edad, personas adultas mayores y mascotas.<\/p>\n\n\n\n<p><br>De acuerdo con el pron\u00f3stico, se prev\u00e9 una paulatina disminuci\u00f3n de los efectos del norte en las pr\u00f3ximas horas, as\u00ed como una recuperaci\u00f3n en las temperaturas a partir de este mi\u00e9rcoles.<\/p>\n\n\n\n<p><br>Protecci\u00f3n Civil reiter\u00f3 el llamado a mantenerse informados mediante canales oficiales y seguir las recomendaciones emitidas, adem\u00e1s de poner a disposici\u00f3n de la ciudadan\u00eda los n\u00fameros de atenci\u00f3n en caso de emergencias<\/p>\n","protected":false},"excerpt":{"rendered":"<p>Jes\u00fas Utrilla \/ NV Noticias Las condiciones meteorol\u00f3gicas adversas contin\u00faan en el municipio de Veracruz debido a la influencia de la masa de aire fr\u00edo asociada al Frente Fr\u00edo n\u00famero 41, lo que mantiene lluvias, ambiente fresco y evento de norte en la regi\u00f3n. La Direcci\u00f3n de Protecci\u00f3n Civil Municipal inform\u00f3 que durante este martes [&hellip;]<\/p>\n","protected":false},"author":8,"featured_media":211938,"comment_status":"open","ping_status":"open","sticky":false,"template":"","format":"standard","meta":{"_monsterinsights_skip_tracking":false,"_monsterinsights_sitenote_active":false,"_monsterinsights_sitenote_note":"","_monsterinsights_sitenote_category":0,"footnotes":""},"categories":[154],"tags":[23988,3332],"class_list":["post-211937","post","type-post","status-publish","format-standard","has-post-thumbnail","hentry","category-veracruz","tag-frente-frio-41","tag-lluvias","wp-image-borders"],"amp_enabled":true,"_links":{"self":[{"href":"https:\/\/nvnoticias.mx\/index.php\/wp-json\/wp\/v2\/posts\/211937","targetHints":{"allow":["GET"]}}],"collection":[{"href":"https:\/\/nvnoticias.mx\/index.php\/wp-json\/wp\/v2\/posts"}],"about":[{"href":"https:\/\/nvnoticias.mx\/index.php\/wp-json\/wp\/v2\/types\/post"}],"author":[{"embeddable":true,"href":"https:\/\/nvnoticias.mx\/index.php\/wp-json\/wp\/v2\/users\/8"}],"replies":[{"embeddable":true,"href":"https:\/\/nvnoticias.mx\/index.php\/wp-json\/wp\/v2\/comments?post=211937"}],"version-history":[{"count":1,"href":"https:\/\/nvnoticias.mx\/index.php\/wp-json\/wp\/v2\/posts\/211937\/revisions"}],"predecessor-version":[{"id":211939,"href":"https:\/\/nvnoticias.mx\/index.php\/wp-json\/wp\/v2\/posts\/211937\/revisions\/211939"}],"wp:featuredmedia":[{"embeddable":true,"href":"https:\/\/nvnoticias.mx\/index.php\/wp-json\/wp\/v2\/media\/211938"}],"wp:attachment":[{"href":"https:\/\/nvnoticias.mx\/index.php\/wp-json\/wp\/v2\/media?parent=211937"}],"wp:term":[{"taxonomy":"category","embeddable":true,"href":"https:\/\/nvnoticias.mx\/index.php\/wp-json\/wp\/v2\/categories?post=211937"},{"taxonomy":"post_tag","embeddable":true,"href":"https:\/\/nvnoticias.mx\/index.php\/wp-json\/wp\/v2\/tags?post=211937"}],"curies":[{"name":"wp","href":"https:\/\/api.w.org\/{rel}","templated":true}]}}