{"id":211876,"date":"2026-03-17T11:21:57","date_gmt":"2026-03-17T17:21:57","guid":{"rendered":"https:\/\/nvnoticias.mx\/?p=211876"},"modified":"2026-03-17T11:22:06","modified_gmt":"2026-03-17T17:22:06","slug":"sheinbaum-reconoce-gesto-de-felipe-vi-al-senalar-abuso-de-espana-durante-la-conquista-y-periodo-colonial","status":"publish","type":"post","link":"https:\/\/nvnoticias.mx\/index.php\/2026\/03\/17\/sheinbaum-reconoce-gesto-de-felipe-vi-al-senalar-abuso-de-espana-durante-la-conquista-y-periodo-colonial\/","title":{"rendered":"Sheinbaum reconoce gesto de Felipe VI al se\u00f1alar abuso de Espa\u00f1a durante la Conquista y periodo colonial"},"content":{"rendered":"\n<p>Despu\u00e9s de que Felipe VI pronunci\u00f3 las palabra \u201cabuso\u201d y \u201ccontroversias morales y \u00e9ticas\u201d para referirse a la Conquista y al periodo colonial, la presidenta Claudia Sheinbaum Pardo resalt\u00f3 que es \u201cun gesto, un acercamiento del rey que reconocemos, a diferencia de hace varios a\u00f1os, donde ni siquiera se reconoci\u00f3 la carta que envi\u00f3 el presidente Andr\u00e9s Manuel L\u00f3pez Obrador (solicitando que la corona pidiera perd\u00f3n) y hubo realmente un enfriamiento de las relaciones\u201d.<\/p>\n\n\n\n<p>Ahora, \u201cprimero el gesto del rey de ir a la exposici\u00f3n de las mujeres ind\u00edgenas, que envi\u00f3 M\u00e9xico a Espa\u00f1a, y despu\u00e9s su declaraci\u00f3n. Uno puede decir: no fue todo lo que hubi\u00e9ramos querido, pero la verdad es que s\u00ed es un gesto de acercamiento del rey en el sentido de lo que hemos estado hablando de un reconocimiento de excesos, exterminios que hubo durante la llegada de los espa\u00f1oles\u201d.<\/p>\n\n\n\n<p>Entonces, \u201cyo creo que hay que reconocerlo y seguir avanzando en el di\u00e1logo\u2026 Hay&nbsp; que seguir trabajando con este proceso de reconocimiento de las grandes civilizaciones que exist\u00edan en Mesoam\u00e9rica y en otros lugares de Am\u00e9rica Latina, de lo que hoy llamamos Am\u00e9rica Latina\u201d.<\/p>\n\n\n\n<p>-\u00bfEstar\u00eda en posibilidad de hacer una invitaci\u00f3n oficial al rey de Espa\u00f1a?&nbsp;<\/p>\n\n\n\n<p>-Pues vamos a ver, pero s\u00ed, hay que reconocer el gesto del rey.<\/p>\n\n\n\n<p>Resalt\u00f3 que por su declaraci\u00f3n, Felipe VI recibi\u00f3 cr\u00edticas de la derecha en Espa\u00f1a, que a\u00fan tiene la idea de que \u201cllegaron a civilizar a los indios; que los indios de M\u00e9xico eran unos b\u00e1rbaros\u201d y otras historias que,&nbsp;por ejemplo, agreg\u00f3, \u201cel presidente L\u00f3pez Obrador en su libro&nbsp;<em>Grandeza<\/em>&nbsp;cuestiona\u201d.<\/p>\n\n\n\n<p>Conden\u00f3 que persista \u201cesta idea de que aqu\u00ed eran b\u00e1rbaros y all\u00e1 civilizados y que obligaron necesariamente a cambiar religiones\u201d, cuando hubo hechos, como las dos grandes matanzas en Cholula y en Templo Mayor.&nbsp;<\/p>\n\n\n\n<p>Entonces, sigui\u00f3, \u201chay muchos espa\u00f1oles que todav\u00eda creen que aqu\u00ed hab\u00eda barbarie cuando aqu\u00ed hab\u00eda civilizaciones extraordinarias, que&nbsp; son la esencia de lo que somos los mexicanos\u201d.<\/p>\n\n\n\n<p>Resalt\u00f3 que los mayas inventaron el cero, \u00a1ni los romanos!, exclam\u00f3 y tambi\u00e9n resalt\u00f3 el conocimiento que se ten\u00eda del cosmos, la medicina tradicional y la propia cultura.<\/p>\n\n\n\n<p>Asimismo, \u201cel sentido comunitario, que es algo extraordinario de los pueblos originarios en M\u00e9xico; la fraternidad, la solidaridad, los valores profundos de lo que (Guillermo) Bonfil Batalla llam\u00f3 al M\u00e9xico profundo\u201d.<\/p>\n\n\n\n<p>-\u00bfIr\u00eda Usted en noviembre a la el 30\u00ba Cumbre Iberoamericana de Madrid?<\/p>\n\n\n\n<p>-Pues vamos a ver; tambi\u00e9n estamos invitados a la APEC, que es en el mismo mes en China. Tambi\u00e9n es una posibilidad, porque la APEC, en el siguiente a\u00f1o viene a M\u00e9xico.<\/p>\n\n\n\n<p>Fuente: La <a href=\"https:\/\/www.jornada.com.mx\/noticia\/2026\/03\/17\/politica\/sheinbaum-reconoce-gesto-de-felipe-vi-al-senalar-abuso-de-espana-durante-la-conquista-y-periodo-colonial\">Jornada<\/a><\/p>\n","protected":false},"excerpt":{"rendered":"<p>Despu\u00e9s de que Felipe VI pronunci\u00f3 las palabra \u201cabuso\u201d y \u201ccontroversias morales y \u00e9ticas\u201d para referirse a la Conquista y al periodo colonial, la presidenta Claudia Sheinbaum Pardo resalt\u00f3 que es \u201cun gesto, un acercamiento del rey que reconocemos, a diferencia de hace varios a\u00f1os, donde ni siquiera se reconoci\u00f3 la carta que envi\u00f3 el [&hellip;]<\/p>\n","protected":false},"author":35,"featured_media":211882,"comment_status":"open","ping_status":"open","sticky":false,"template":"","format":"standard","meta":{"_monsterinsights_skip_tracking":false,"_monsterinsights_sitenote_active":false,"_monsterinsights_sitenote_note":"","_monsterinsights_sitenote_category":0,"footnotes":""},"categories":[158],"tags":[2801,162,10021],"class_list":["post-211876","post","type-post","status-publish","format-standard","has-post-thumbnail","hentry","category-politica","tag-claudia-sheinbaum","tag-portada","tag-rey-felipe-vi","wp-image-borders"],"amp_enabled":true,"_links":{"self":[{"href":"https:\/\/nvnoticias.mx\/index.php\/wp-json\/wp\/v2\/posts\/211876","targetHints":{"allow":["GET"]}}],"collection":[{"href":"https:\/\/nvnoticias.mx\/index.php\/wp-json\/wp\/v2\/posts"}],"about":[{"href":"https:\/\/nvnoticias.mx\/index.php\/wp-json\/wp\/v2\/types\/post"}],"author":[{"embeddable":true,"href":"https:\/\/nvnoticias.mx\/index.php\/wp-json\/wp\/v2\/users\/35"}],"replies":[{"embeddable":true,"href":"https:\/\/nvnoticias.mx\/index.php\/wp-json\/wp\/v2\/comments?post=211876"}],"version-history":[{"count":5,"href":"https:\/\/nvnoticias.mx\/index.php\/wp-json\/wp\/v2\/posts\/211876\/revisions"}],"predecessor-version":[{"id":211883,"href":"https:\/\/nvnoticias.mx\/index.php\/wp-json\/wp\/v2\/posts\/211876\/revisions\/211883"}],"wp:featuredmedia":[{"embeddable":true,"href":"https:\/\/nvnoticias.mx\/index.php\/wp-json\/wp\/v2\/media\/211882"}],"wp:attachment":[{"href":"https:\/\/nvnoticias.mx\/index.php\/wp-json\/wp\/v2\/media?parent=211876"}],"wp:term":[{"taxonomy":"category","embeddable":true,"href":"https:\/\/nvnoticias.mx\/index.php\/wp-json\/wp\/v2\/categories?post=211876"},{"taxonomy":"post_tag","embeddable":true,"href":"https:\/\/nvnoticias.mx\/index.php\/wp-json\/wp\/v2\/tags?post=211876"}],"curies":[{"name":"wp","href":"https:\/\/api.w.org\/{rel}","templated":true}]}}