{"id":211871,"date":"2026-03-17T10:59:05","date_gmt":"2026-03-17T16:59:05","guid":{"rendered":"https:\/\/nvnoticias.mx\/?p=211871"},"modified":"2026-03-17T10:59:14","modified_gmt":"2026-03-17T16:59:14","slug":"sheinbaum-se-reunira-con-el-presidente-de-alemania-el-19-de-marzo-en-cancun","status":"publish","type":"post","link":"https:\/\/nvnoticias.mx\/index.php\/2026\/03\/17\/sheinbaum-se-reunira-con-el-presidente-de-alemania-el-19-de-marzo-en-cancun\/","title":{"rendered":"Sheinbaum se reunir\u00e1 con el presidente de Alemania el 19 de marzo en Canc\u00fan"},"content":{"rendered":"\n<p>La presidenta Claudia Sheinbaum Pardo inform\u00f3 este martes que el pr\u00f3ximo 19 de marzo sostendr\u00e1 una reuni\u00f3n con el presidente de Alemania, Frank-Walter Steinmeier, en Canc\u00fan.<\/p>\n\n\n\n<p>En su conferencia de prensa matutina en Palacio Nacional, la mandataria explic\u00f3 que el encuentro se realizar\u00e1 antes de la inauguraci\u00f3n de la Convenci\u00f3n Bancaria, que se celebrar\u00e1 en ese destino tur\u00edstico y en el que Sheinbaum Pardo tiene previsto participar.<\/p>\n\n\n\n<p>Al ser cuestionada sobre los temas que abordar\u00e1 con el jefe de Estado alem\u00e1n, Sheinbaum Pardo indic\u00f3 que se tratar\u00e1n asuntos habituales en este tipo de encuentros bilaterales, centrados en fortalecer la relaci\u00f3n entre ambos pa\u00edses.<\/p>\n\n\n\n<p>\u201cLos temas que normalmente vemos con los presidentes que vienen, pues relaci\u00f3n de amistad, cultural y comercial\u201d, expuso.<\/p>\n\n\n\n<p>La jefa del Ejecutivo destac\u00f3 que el encuentro se da en un contexto de modernizaci\u00f3n del Acuerdo Global entre la Uni\u00f3n Europea y M\u00e9xico, proceso que prev\u00e9 avanzar en abril.<\/p>\n\n\n\n<p>\u201cAhora se actualiza el tratado comercial con Europa, ya viene en abril y estuvieron aqu\u00ed varios empresarios, recuerden, de los pa\u00edses n\u00f3rdicos, justamente interesados en invertir en M\u00e9xico y tambi\u00e9n de c\u00f3mo ve\u00edamos la actualizaci\u00f3n del tratado\u201d, detall\u00f3.<\/p>\n\n\n\n<p>Fuente: La <a href=\"https:\/\/www.jornada.com.mx\/noticia\/2026\/03\/17\/politica\/sheinbaum-se-reunira-con-el-presidente-de-alemania-el-19-de-marzo-en-cancun\">Jornada<\/a><\/p>\n","protected":false},"excerpt":{"rendered":"<p>La presidenta Claudia Sheinbaum Pardo inform\u00f3 este martes que el pr\u00f3ximo 19 de marzo sostendr\u00e1 una reuni\u00f3n con el presidente de Alemania, Frank-Walter Steinmeier, en Canc\u00fan. En su conferencia de prensa matutina en Palacio Nacional, la mandataria explic\u00f3 que el encuentro se realizar\u00e1 antes de la inauguraci\u00f3n de la Convenci\u00f3n Bancaria, que se celebrar\u00e1 en [&hellip;]<\/p>\n","protected":false},"author":35,"featured_media":211873,"comment_status":"open","ping_status":"open","sticky":false,"template":"","format":"standard","meta":{"_monsterinsights_skip_tracking":false,"_monsterinsights_sitenote_active":false,"_monsterinsights_sitenote_note":"","_monsterinsights_sitenote_category":0,"footnotes":""},"categories":[158],"tags":[4449,9966,2801,162],"class_list":["post-211871","post","type-post","status-publish","format-standard","has-post-thumbnail","hentry","category-politica","tag-alemania","tag-cancun","tag-claudia-sheinbaum","tag-portada","wp-image-borders"],"amp_enabled":true,"_links":{"self":[{"href":"https:\/\/nvnoticias.mx\/index.php\/wp-json\/wp\/v2\/posts\/211871","targetHints":{"allow":["GET"]}}],"collection":[{"href":"https:\/\/nvnoticias.mx\/index.php\/wp-json\/wp\/v2\/posts"}],"about":[{"href":"https:\/\/nvnoticias.mx\/index.php\/wp-json\/wp\/v2\/types\/post"}],"author":[{"embeddable":true,"href":"https:\/\/nvnoticias.mx\/index.php\/wp-json\/wp\/v2\/users\/35"}],"replies":[{"embeddable":true,"href":"https:\/\/nvnoticias.mx\/index.php\/wp-json\/wp\/v2\/comments?post=211871"}],"version-history":[{"count":3,"href":"https:\/\/nvnoticias.mx\/index.php\/wp-json\/wp\/v2\/posts\/211871\/revisions"}],"predecessor-version":[{"id":211875,"href":"https:\/\/nvnoticias.mx\/index.php\/wp-json\/wp\/v2\/posts\/211871\/revisions\/211875"}],"wp:featuredmedia":[{"embeddable":true,"href":"https:\/\/nvnoticias.mx\/index.php\/wp-json\/wp\/v2\/media\/211873"}],"wp:attachment":[{"href":"https:\/\/nvnoticias.mx\/index.php\/wp-json\/wp\/v2\/media?parent=211871"}],"wp:term":[{"taxonomy":"category","embeddable":true,"href":"https:\/\/nvnoticias.mx\/index.php\/wp-json\/wp\/v2\/categories?post=211871"},{"taxonomy":"post_tag","embeddable":true,"href":"https:\/\/nvnoticias.mx\/index.php\/wp-json\/wp\/v2\/tags?post=211871"}],"curies":[{"name":"wp","href":"https:\/\/api.w.org\/{rel}","templated":true}]}}