{"id":211842,"date":"2026-03-16T13:09:56","date_gmt":"2026-03-16T19:09:56","guid":{"rendered":"https:\/\/nvnoticias.mx\/?p=211842"},"modified":"2026-03-16T13:10:03","modified_gmt":"2026-03-16T19:10:03","slug":"anuncian-el-registro-de-la-pension-para-personas-con-discapacidad","status":"publish","type":"post","link":"https:\/\/nvnoticias.mx\/index.php\/2026\/03\/16\/anuncian-el-registro-de-la-pension-para-personas-con-discapacidad\/","title":{"rendered":"Anuncian el registro de la pensi\u00f3n para personas con discapacidad\u00a0"},"content":{"rendered":"\n<p><\/p>\n\n\n\n<p><strong>Jes\u00fas Utrilla \/ NV Noticias <\/strong><\/p>\n\n\n\n<p>&nbsp;La Secretar\u00eda de Bienestar anunci\u00f3 que del 23 al 29 de marzo se llevar\u00e1 a cabo el proceso de registro para que personas con discapacidad puedan incorporarse al programa de pensi\u00f3n que otorga el Gobierno Federal.<\/p>\n\n\n\n<p>Entre los requisitos para inscribirse se encuentran identificaci\u00f3n oficial, CURP, acta de nacimiento, certificado de discapacidad permanente , documento que puede tramitarse en cualquier centro de salud, comprobante de domicilio y un n\u00famero telef\u00f3nico de contacto.<\/p>\n\n\n\n<p>El proceso de inscripci\u00f3n se realizar\u00e1 siguiendo un orden alfab\u00e9tico con base en la primera letra del apellido paterno de las personas solicitantes. El calendario establece que el 23 de marzo podr\u00e1n acudir quienes tengan apellidos que inicien con las letras A, B y C; el 24 de marzo corresponder\u00e1 a D, E, F, G y H; el 25 de marzo a I, J, K, L y M; mientras que el 26 de marzo ser\u00e1 el turno de \u00d1, O, P, Q y R.<\/p>\n\n\n\n<p>Para el 27 de marzo podr\u00e1n registrarse las personas cuyos apellidos comiencen con S, T, U, V, W, Y y Z. En tanto, los d\u00edas 28 y 29 de marzo se abrir\u00e1 la atenci\u00f3n para todas las letras, con el fin de que quienes no hayan podido acudir en su fecha asignada tengan la oportunidad de completar su registro.<\/p>\n\n\n\n<p>La pensi\u00f3n para personas con discapacidad forma parte de los programas sociales impulsados por el Gobierno de M\u00e9xico y tiene como objetivo brindar un apoyo econ\u00f3mico bimestral a quienes viven con alguna discapacidad permanente, con la finalidad de contribuir a mejorar sus condiciones de vida y garantizar su acceso a derechos b\u00e1sicos. En los \u00faltimos a\u00f1os el programa ha ampliado su cobertura a m\u00e1s entidades del pa\u00eds, incluyendo Veracruz, donde miles de beneficiarios reciben este respaldo como parte de las pol\u00edticas de bienestar social implementadas a nivel federal.<\/p>\n","protected":false},"excerpt":{"rendered":"<p>Jes\u00fas Utrilla \/ NV Noticias &nbsp;La Secretar\u00eda de Bienestar anunci\u00f3 que del 23 al 29 de marzo se llevar\u00e1 a cabo el proceso de registro para que personas con discapacidad puedan incorporarse al programa de pensi\u00f3n que otorga el Gobierno Federal. Entre los requisitos para inscribirse se encuentran identificaci\u00f3n oficial, CURP, acta de nacimiento, certificado [&hellip;]<\/p>\n","protected":false},"author":8,"featured_media":211843,"comment_status":"open","ping_status":"open","sticky":false,"template":"","format":"standard","meta":{"_monsterinsights_skip_tracking":false,"_monsterinsights_sitenote_active":false,"_monsterinsights_sitenote_note":"","_monsterinsights_sitenote_category":0,"footnotes":""},"categories":[154],"tags":[28231,1503,2640],"class_list":["post-211842","post","type-post","status-publish","format-standard","has-post-thumbnail","hentry","category-veracruz","tag-discapacitados","tag-pension","tag-registro","wp-image-borders"],"amp_enabled":true,"_links":{"self":[{"href":"https:\/\/nvnoticias.mx\/index.php\/wp-json\/wp\/v2\/posts\/211842","targetHints":{"allow":["GET"]}}],"collection":[{"href":"https:\/\/nvnoticias.mx\/index.php\/wp-json\/wp\/v2\/posts"}],"about":[{"href":"https:\/\/nvnoticias.mx\/index.php\/wp-json\/wp\/v2\/types\/post"}],"author":[{"embeddable":true,"href":"https:\/\/nvnoticias.mx\/index.php\/wp-json\/wp\/v2\/users\/8"}],"replies":[{"embeddable":true,"href":"https:\/\/nvnoticias.mx\/index.php\/wp-json\/wp\/v2\/comments?post=211842"}],"version-history":[{"count":1,"href":"https:\/\/nvnoticias.mx\/index.php\/wp-json\/wp\/v2\/posts\/211842\/revisions"}],"predecessor-version":[{"id":211844,"href":"https:\/\/nvnoticias.mx\/index.php\/wp-json\/wp\/v2\/posts\/211842\/revisions\/211844"}],"wp:featuredmedia":[{"embeddable":true,"href":"https:\/\/nvnoticias.mx\/index.php\/wp-json\/wp\/v2\/media\/211843"}],"wp:attachment":[{"href":"https:\/\/nvnoticias.mx\/index.php\/wp-json\/wp\/v2\/media?parent=211842"}],"wp:term":[{"taxonomy":"category","embeddable":true,"href":"https:\/\/nvnoticias.mx\/index.php\/wp-json\/wp\/v2\/categories?post=211842"},{"taxonomy":"post_tag","embeddable":true,"href":"https:\/\/nvnoticias.mx\/index.php\/wp-json\/wp\/v2\/tags?post=211842"}],"curies":[{"name":"wp","href":"https:\/\/api.w.org\/{rel}","templated":true}]}}