{"id":211756,"date":"2026-03-15T13:59:59","date_gmt":"2026-03-15T19:59:59","guid":{"rendered":"https:\/\/nvnoticias.mx\/?p=211756"},"modified":"2026-03-15T14:00:06","modified_gmt":"2026-03-15T20:00:06","slug":"polemica-declaracion-de-timothee-chalamet-le-afecto-en-la-carrera-por-el-oscar","status":"publish","type":"post","link":"https:\/\/nvnoticias.mx\/index.php\/2026\/03\/15\/polemica-declaracion-de-timothee-chalamet-le-afecto-en-la-carrera-por-el-oscar\/","title":{"rendered":"Pol\u00e9mica declaraci\u00f3n de Timoth\u00e9e Chalamet: \u00bfle afect\u00f3 en la carrera por el Oscar?"},"content":{"rendered":"\n<p><\/p>\n\n\n\n<p>Los comentarios de Timoth\u00e9e Chalamet sobre el ballet y la \u00f3pera, realizados durante \u201cA CNN &amp; Variety Town Hall Event\u201d y viralizados el 7 de marzo, generaron una ola de cr\u00edticas que amenaz\u00f3 con descarrilar su campa\u00f1a por el Oscar a Mejor Actor por Marty Supreme<\/p>\n\n\n\n<p>El actor hab\u00eda afirmado que no quer\u00eda trabajar en el ballet o la \u00f3pera, disciplinas donde artistas intentan \u201cmantener viva esta cosa\u201d, aunque, seg\u00fan sus palabras,&nbsp;<strong>\u201ca nadie le importa esto ya\u201d<\/strong>.<\/p>\n\n\n\n<p>Si bien Chalamet a\u00f1adi\u00f3 que respetaba a quienes trabajan en esas artes, la frase fue suficiente para desatar la indignaci\u00f3n tanto de las comunidades art\u00edsticas afectadas como de los propios votantes de la Academia de Hollywood.<\/p>\n\n\n\n<p>Cabe destacar que la\u00a0<strong>votaci\u00f3n\u00a0<\/strong>para los\u00a0Oscar 20<\/p>\n\n\n\n<p><strong>\u201cOh, s\u00ed. Que le jodan\u201d<\/strong>, fue la contundente reacci\u00f3n inicial recogida por la revista para resumir el ambiente entre los votantes.<\/p>\n\n\n\n<p>El votante identificado como actor fue m\u00e1s expl\u00edcito en su comentario. \u201cEs muy rastrero. \u00bfAtacar a artistas que ganan una fracci\u00f3n de lo que \u00e9l gana, pero que han dedicado entre 10 y 20 a\u00f1os a perfeccionar su oficio?\u201c, declar\u00f3.<\/p>\n\n\n\n<p>Y a\u00f1adi\u00f3: \u201cLo siento, este tipo no es Philip Seymour Hoffman. Y Philip Seymour Hoffman jam\u00e1s habr\u00eda atacado a bailarines de \u00f3pera o ballet.&nbsp;<strong>Ese es un tipo engre\u00eddo<\/strong>. Lo siento. Perd\u00ed mucho el respeto por \u00e9l\u201d.<\/p>\n\n\n\n<p>El publicista consultado por el mismo medio tambi\u00e9n vincul\u00f3 los comentarios con su decisi\u00f3n de voto.<\/p>\n\n\n\n<p>\u201cCreo que\u00a0<strong>hubo una arrogancia<\/strong>\u00a0en la campa\u00f1a de Timoth\u00e9e que, en el a\u00f1o 2026, nadie quiere escuchar ni ver: que alguien diga que se merece este Oscar. Result\u00f3 poco emp\u00e1tico y realmente decepcionante, porque amo esa pel\u00edcula\u201d, sostuvo para\u00a0<em>EW<\/em>.<\/p>\n\n\n\n<p>Cuatro votantes an\u00f3nimos de la Academia \u2014un actor, un director, un editor y un publicista\u2014 consultados por<em>&nbsp;Entertainment Weekly<\/em>&nbsp;describieron con dureza el impacto de las declaraciones del protagonista de&nbsp;<em>Marty Supreme<\/em>.<\/p>\n\n\n\n<p>El director votante, en cambio, no hizo referencia directa a la pol\u00e9mica, pero dej\u00f3 en claro su preferencia por&nbsp;<em><strong>Pecadores<\/strong><\/em>, sosteniendo que lo que&nbsp;<strong>Ryan Coogler<\/strong>&nbsp;logr\u00f3 con esa producci\u00f3n fue \u201cextraordinario\u201d.<\/p>\n\n\n\n<p>Por su parte, el editor tampoco mencion\u00f3 expl\u00edcitamente los comentarios de Chalamet, aunque abstuvo su voto de&nbsp;<em><strong>Marty Supreme<\/strong><\/em>, indicando que el personaje lo \u201ccans\u00f3\u201d.<\/p>\n\n\n\n<p>M\u00e1s all\u00e1 de los votantes, la reacci\u00f3n de las comunidades art\u00edsticas aludidas fue inmediata y p\u00fablica.<\/p>\n\n\n\n<p>El Royal Ballet and Opera de Londres public\u00f3 en Instagram im\u00e1genes de sus artesanos y artistas en lo que pareci\u00f3 una respuesta directa al actor, con el mensaje: \u201cCada noche en la Royal Opera House, miles de personas se re\u00fanen para el ballet y la \u00f3pera. Si quieres reconsiderarlo, nuestras puertas est\u00e1n abiertas\u201d.<\/p>\n\n\n\n<p>La English National Opera tambi\u00e9n extendi\u00f3 una invitaci\u00f3n p\u00fablica a&nbsp;<strong>Chalamet<\/strong>&nbsp;a trav\u00e9s de la misma red social, ofreci\u00e9ndole entradas gratuitas \u201cpara ayudarlo a enamorarse de nuevo de la \u00f3pera\u201d.<\/p>\n\n\n\n<p>Fuente: <a href=\"https:\/\/www.infobae.com\/entretenimiento\/2026\/03\/15\/le-costo-el-oscar-a-timothee-chalamet-decir-que-a-nadie-le-importa-el-ballet-y-la-opera\/\">Infobae<\/a><\/p>\n","protected":false},"excerpt":{"rendered":"<p>Los comentarios de Timoth\u00e9e Chalamet sobre el ballet y la \u00f3pera, realizados durante \u201cA CNN &amp; Variety Town Hall Event\u201d y viralizados el 7 de marzo, generaron una ola de cr\u00edticas que amenaz\u00f3 con descarrilar su campa\u00f1a por el Oscar a Mejor Actor por Marty Supreme El actor hab\u00eda afirmado que no quer\u00eda trabajar en [&hellip;]<\/p>\n","protected":false},"author":6,"featured_media":211757,"comment_status":"open","ping_status":"open","sticky":false,"template":"","format":"standard","meta":{"_monsterinsights_skip_tracking":false,"_monsterinsights_sitenote_active":false,"_monsterinsights_sitenote_note":"","_monsterinsights_sitenote_category":0,"footnotes":""},"categories":[576],"tags":[18940],"class_list":["post-211756","post","type-post","status-publish","format-standard","has-post-thumbnail","hentry","category-ocio","tag-timothee-chalamet","wp-image-borders"],"amp_enabled":true,"_links":{"self":[{"href":"https:\/\/nvnoticias.mx\/index.php\/wp-json\/wp\/v2\/posts\/211756","targetHints":{"allow":["GET"]}}],"collection":[{"href":"https:\/\/nvnoticias.mx\/index.php\/wp-json\/wp\/v2\/posts"}],"about":[{"href":"https:\/\/nvnoticias.mx\/index.php\/wp-json\/wp\/v2\/types\/post"}],"author":[{"embeddable":true,"href":"https:\/\/nvnoticias.mx\/index.php\/wp-json\/wp\/v2\/users\/6"}],"replies":[{"embeddable":true,"href":"https:\/\/nvnoticias.mx\/index.php\/wp-json\/wp\/v2\/comments?post=211756"}],"version-history":[{"count":1,"href":"https:\/\/nvnoticias.mx\/index.php\/wp-json\/wp\/v2\/posts\/211756\/revisions"}],"predecessor-version":[{"id":211758,"href":"https:\/\/nvnoticias.mx\/index.php\/wp-json\/wp\/v2\/posts\/211756\/revisions\/211758"}],"wp:featuredmedia":[{"embeddable":true,"href":"https:\/\/nvnoticias.mx\/index.php\/wp-json\/wp\/v2\/media\/211757"}],"wp:attachment":[{"href":"https:\/\/nvnoticias.mx\/index.php\/wp-json\/wp\/v2\/media?parent=211756"}],"wp:term":[{"taxonomy":"category","embeddable":true,"href":"https:\/\/nvnoticias.mx\/index.php\/wp-json\/wp\/v2\/categories?post=211756"},{"taxonomy":"post_tag","embeddable":true,"href":"https:\/\/nvnoticias.mx\/index.php\/wp-json\/wp\/v2\/tags?post=211756"}],"curies":[{"name":"wp","href":"https:\/\/api.w.org\/{rel}","templated":true}]}}