{"id":211754,"date":"2026-03-15T13:49:46","date_gmt":"2026-03-15T19:49:46","guid":{"rendered":"https:\/\/nvnoticias.mx\/?p=211754"},"modified":"2026-03-15T13:49:58","modified_gmt":"2026-03-15T19:49:58","slug":"reporta-cdmx-otra-muerte-asociada-al-sarampion","status":"publish","type":"post","link":"https:\/\/nvnoticias.mx\/index.php\/2026\/03\/15\/reporta-cdmx-otra-muerte-asociada-al-sarampion\/","title":{"rendered":"Reporta CdMx otra muerte asociada al sarampi\u00f3n"},"content":{"rendered":"\n<p><\/p>\n\n\n\n<p>El brote de sarampi\u00f3n en M\u00e9xico sum\u00f3 una nueva muerte en la Ciudad de M\u00e9xico, con lo que las defunciones acumuladas en el pa\u00eds ascendieron a 35, de acuerdo con el informe diario del brote con corte al 13 de marzo de 2026.<\/p>\n\n\n\n<p>El fallecimiento se a\u00f1ade al primer deceso confirmado en la capital, que el 10 de febrero el gobierno de la Ciudad de M\u00e9xico, encabezado por Clara Brugada, inform\u00f3 que hab\u00eda ocurrido en diciembre de 2025, aunque en ese momento no se dio a conocer p\u00fablicamente porque el caso permanec\u00eda bajo investigaci\u00f3n epidemiol\u00f3gica.<\/p>\n\n\n\n<p>Con esta actualizaci\u00f3n, la capital del pa\u00eds acumula dos muertes asociadas al virus dentro del brote que se mantiene activo desde 2025.<\/p>\n\n\n\n<p>Tambi\u00e9n se ubica en el cuarto lugar con m\u00e1s casos a nivel nacional, siendo las alcald\u00edas m\u00e1s afectadas, Cuauht\u00e9moc, Venustiano Carranza y Gustavo A. Madero.<\/p>\n\n\n\n<p>En t\u00e9rminos generales. M\u00e9xico acumula 13 mil 408 contagios confirmados, 33 mil 982 casos probables notificados, 15 mil 089 descartados, 5 mil 485 en estudio y 35 defunciones asociadas al brote.<\/p>\n\n\n\n<p>Las 35 defunciones confirmadas contin\u00faan concentr\u00e1ndose en diez entidades. Chihuahua registra 21 fallecimientos, seguido de Jalisco con cuatro, Durango con dos y Ciudad de M\u00e9xico con dos, mientras que Sonora, Michoac\u00e1n, Tlaxcala, Chiapas, Guerrero y Sinaloa reportan una muerte cada uno.<\/p>\n\n\n\n<p>La comparaci\u00f3n de reportes epidemiol\u00f3gicos muestra que la transmisi\u00f3n sigue activa y que en pocos d\u00edas se han sumado nuevos contagios.<\/p>\n\n\n\n<p>El 11 de marzo se reportaban 13 mil 132 casos confirmados, mientras que para el 13 de marzo la cifra lleg\u00f3 a 13 mil 408, lo que significa 276 contagios adicionales en apenas dos d\u00edas, lo que confirma que el virus contin\u00faa circulando activamente en diversas regiones del pa\u00eds.<\/p>\n\n\n\n<p>Fuente: <a href=\"https:\/\/www.milenio.com\/ciencia-y-salud\/cdmx-reporta-otra-muerte-asociada-sarampion-pais-supera-13-mil-casos\">Milenio<\/a><\/p>\n","protected":false},"excerpt":{"rendered":"<p>El brote de sarampi\u00f3n en M\u00e9xico sum\u00f3 una nueva muerte en la Ciudad de M\u00e9xico, con lo que las defunciones acumuladas en el pa\u00eds ascendieron a 35, de acuerdo con el informe diario del brote con corte al 13 de marzo de 2026. El fallecimiento se a\u00f1ade al primer deceso confirmado en la capital, que [&hellip;]<\/p>\n","protected":false},"author":6,"featured_media":208004,"comment_status":"open","ping_status":"open","sticky":false,"template":"","format":"standard","meta":{"_monsterinsights_skip_tracking":false,"_monsterinsights_sitenote_active":false,"_monsterinsights_sitenote_note":"","_monsterinsights_sitenote_category":0,"footnotes":""},"categories":[157],"tags":[311,7102],"class_list":["post-211754","post","type-post","status-publish","format-standard","has-post-thumbnail","hentry","category-nacional","tag-muerte","tag-sarampion","wp-image-borders"],"amp_enabled":true,"_links":{"self":[{"href":"https:\/\/nvnoticias.mx\/index.php\/wp-json\/wp\/v2\/posts\/211754","targetHints":{"allow":["GET"]}}],"collection":[{"href":"https:\/\/nvnoticias.mx\/index.php\/wp-json\/wp\/v2\/posts"}],"about":[{"href":"https:\/\/nvnoticias.mx\/index.php\/wp-json\/wp\/v2\/types\/post"}],"author":[{"embeddable":true,"href":"https:\/\/nvnoticias.mx\/index.php\/wp-json\/wp\/v2\/users\/6"}],"replies":[{"embeddable":true,"href":"https:\/\/nvnoticias.mx\/index.php\/wp-json\/wp\/v2\/comments?post=211754"}],"version-history":[{"count":1,"href":"https:\/\/nvnoticias.mx\/index.php\/wp-json\/wp\/v2\/posts\/211754\/revisions"}],"predecessor-version":[{"id":211755,"href":"https:\/\/nvnoticias.mx\/index.php\/wp-json\/wp\/v2\/posts\/211754\/revisions\/211755"}],"wp:featuredmedia":[{"embeddable":true,"href":"https:\/\/nvnoticias.mx\/index.php\/wp-json\/wp\/v2\/media\/208004"}],"wp:attachment":[{"href":"https:\/\/nvnoticias.mx\/index.php\/wp-json\/wp\/v2\/media?parent=211754"}],"wp:term":[{"taxonomy":"category","embeddable":true,"href":"https:\/\/nvnoticias.mx\/index.php\/wp-json\/wp\/v2\/categories?post=211754"},{"taxonomy":"post_tag","embeddable":true,"href":"https:\/\/nvnoticias.mx\/index.php\/wp-json\/wp\/v2\/tags?post=211754"}],"curies":[{"name":"wp","href":"https:\/\/api.w.org\/{rel}","templated":true}]}}